{"id":914,"date":"2019-07-02T23:12:15","date_gmt":"2019-07-02T21:12:15","guid":{"rendered":"http:\/\/lesbiopaniersdemareil.org\/?p=914"},"modified":"2019-07-02T23:12:15","modified_gmt":"2019-07-02T21:12:15","slug":"paniers-legumes-du-mercredi-3-juillet-2019","status":"publish","type":"post","link":"https:\/\/lesbiopaniersdemareil.org\/index.php\/2019\/07\/02\/paniers-legumes-du-mercredi-3-juillet-2019\/","title":{"rendered":"Paniers l\u00e9gumes du mercredi 3 juillet 2019"},"content":{"rendered":"\n<p>Bonsoir \u00e0 toutes et \u00e0 tous,<\/p>\n\n\n\n<p>Le panier demain sera compos\u00e9 de :\u00a0<\/p>\n\n\n\n<p>&#8211; Salades<\/p>\n\n\n\n<p>&#8211; Navets bottes<\/p>\n\n\n\n<p>-Concombres<\/p>\n\n\n\n<p>&#8211; Aromatiques<\/p>\n\n\n\n<p>&#8211; Oignons bottes, <\/p>\n\n\n\n<p>Pour les petits : fenouil, blettes <\/p>\n\n\n\n<p>Pour les moyens :  Petits pois, courgettes, pommes de terre nouvelles p<\/p>\n\n\n\n<p><strong>ET TOUJOURS SOUS R\u00c9SERVE DE CHANGEMENT<\/strong><\/p>\n\n\n\n<p>Bonne soir\u00e9e.<br>Eric <\/p>\n\n\n\n<p>06 85 06 18 49<\/p>\n","protected":false},"excerpt":{"rendered":"<p>Bonsoir \u00e0 toutes et \u00e0 tous, Le panier demain sera compos\u00e9 de :\u00a0 &#8211; Salades &#8211; Navets bottes -Concombres &#8211; Aromatiques &#8211; Oignons bottes, Pour les petits : fenouil, blettes Pour les moyens : Petits pois, courgettes, pommes de terre nouvelles p ET TOUJOURS SOUS R\u00c9SERVE DE CHANGEMENT Bonne soir\u00e9e.Eric 06 85 06 18 49<\/p>\n","protected":false},"author":25,"featured_media":0,"comment_status":"open","ping_status":"open","sticky":false,"template":"","format":"standard","meta":{"spay_email":"","jetpack_publicize_message":"","jetpack_is_tweetstorm":false,"jetpack_publicize_feature_enabled":true},"categories":[1],"tags":[],"jetpack_featured_media_url":"","jetpack_publicize_connections":[],"jetpack_sharing_enabled":true,"jetpack_shortlink":"https:\/\/wp.me\/pai4cU-eK","_links":{"self":[{"href":"https:\/\/lesbiopaniersdemareil.org\/index.php\/wp-json\/wp\/v2\/posts\/914"}],"collection":[{"href":"https:\/\/lesbiopaniersdemareil.org\/index.php\/wp-json\/wp\/v2\/posts"}],"about":[{"href":"https:\/\/lesbiopaniersdemareil.org\/index.php\/wp-json\/wp\/v2\/types\/post"}],"author":[{"embeddable":true,"href":"https:\/\/lesbiopaniersdemareil.org\/index.php\/wp-json\/wp\/v2\/users\/25"}],"replies":[{"embeddable":true,"href":"https:\/\/lesbiopaniersdemareil.org\/index.php\/wp-json\/wp\/v2\/comments?post=914"}],"version-history":[{"count":1,"href":"https:\/\/lesbiopaniersdemareil.org\/index.php\/wp-json\/wp\/v2\/posts\/914\/revisions"}],"predecessor-version":[{"id":915,"href":"https:\/\/lesbiopaniersdemareil.org\/index.php\/wp-json\/wp\/v2\/posts\/914\/revisions\/915"}],"wp:attachment":[{"href":"https:\/\/lesbiopaniersdemareil.org\/index.php\/wp-json\/wp\/v2\/media?parent=914"}],"wp:term":[{"taxonomy":"category","embeddable":true,"href":"https:\/\/lesbiopaniersdemareil.org\/index.php\/wp-json\/wp\/v2\/categories?post=914"},{"taxonomy":"post_tag","embeddable":true,"href":"https:\/\/lesbiopaniersdemareil.org\/index.php\/wp-json\/wp\/v2\/tags?post=914"}],"curies":[{"name":"wp","href":"https:\/\/api.w.org\/{rel}","templated":true}]}}