{"id":903,"date":"2019-06-19T11:39:37","date_gmt":"2019-06-19T09:39:37","guid":{"rendered":"http:\/\/lesbiopaniersdemareil.org\/?p=903"},"modified":"2019-06-19T11:39:37","modified_gmt":"2019-06-19T09:39:37","slug":"panier-legumes-du-mercredi-19-juin-2019","status":"publish","type":"post","link":"https:\/\/lesbiopaniersdemareil.org\/index.php\/2019\/06\/19\/panier-legumes-du-mercredi-19-juin-2019\/","title":{"rendered":"Panier l\u00e9gumes du mercredi 19 juin 2019"},"content":{"rendered":"\n<p> Voici la composition du panier de demain :<\/p>\n\n\n\n<p>&#8211; Salade- Courgettes<\/p>\n\n\n\n<p>&#8211; Ail\u00a0 1\/2 sec (3 gousses)*<\/p>\n\n\n\n<p>&#8211; Aromatique<\/p>\n\n\n\n<p>&#8211; Pommes de terre nouvelles vari\u00e9t\u00e9 Margod<\/p>\n\n\n\n<p>\u00a0+ pour les petits :- 1 chou rave<\/p>\n\n\n\n<p>+ pour les moyens :- Haricots verts\u00a0<\/p>\n\n\n\n<p>*Pour l\u2019ail, nous aurions pu faire une botte des 3 aulx, mais d\u00e9sormais nous souhaitons pour l\u2019ail frais\u00a0 et pour les oignons nouveaux ne plus faire de bottes mais d\u00e9cliner en nombre \u00e0 r\u00e9partir dans les paniers. C\u2019est dans un souci d\u2019\u00e9viter l\u2019emploi exag\u00e9r\u00e9 d\u2019\u00e9lastiques et donc de plastique.<\/p>\n\n\n\n<p>Bonne journ\u00e9e<\/p>\n\n\n\n<p>Eric<br><\/p>\n","protected":false},"excerpt":{"rendered":"<p>Voici la composition du panier de demain : &#8211; Salade- Courgettes &#8211; Ail\u00a0 1\/2 sec (3 gousses)* &#8211; Aromatique &#8211; Pommes de terre nouvelles vari\u00e9t\u00e9 Margod \u00a0+ pour les petits :- 1 chou rave + pour les moyens :- Haricots verts\u00a0 *Pour l\u2019ail, nous aurions pu faire une botte des 3 aulx, mais d\u00e9sormais nous &hellip; <\/p>\n<p class=\"link-more\"><a href=\"https:\/\/lesbiopaniersdemareil.org\/index.php\/2019\/06\/19\/panier-legumes-du-mercredi-19-juin-2019\/\" class=\"more-link\">Continue reading<span class=\"screen-reader-text\"> &#8220;Panier l\u00e9gumes du mercredi 19 juin 2019&#8221;<\/span><\/a><\/p>\n","protected":false},"author":25,"featured_media":0,"comment_status":"open","ping_status":"open","sticky":false,"template":"","format":"standard","meta":{"spay_email":"","jetpack_publicize_message":"","jetpack_is_tweetstorm":false,"jetpack_publicize_feature_enabled":true},"categories":[1],"tags":[],"jetpack_featured_media_url":"","jetpack_publicize_connections":[],"jetpack_sharing_enabled":true,"jetpack_shortlink":"https:\/\/wp.me\/pai4cU-ez","_links":{"self":[{"href":"https:\/\/lesbiopaniersdemareil.org\/index.php\/wp-json\/wp\/v2\/posts\/903"}],"collection":[{"href":"https:\/\/lesbiopaniersdemareil.org\/index.php\/wp-json\/wp\/v2\/posts"}],"about":[{"href":"https:\/\/lesbiopaniersdemareil.org\/index.php\/wp-json\/wp\/v2\/types\/post"}],"author":[{"embeddable":true,"href":"https:\/\/lesbiopaniersdemareil.org\/index.php\/wp-json\/wp\/v2\/users\/25"}],"replies":[{"embeddable":true,"href":"https:\/\/lesbiopaniersdemareil.org\/index.php\/wp-json\/wp\/v2\/comments?post=903"}],"version-history":[{"count":1,"href":"https:\/\/lesbiopaniersdemareil.org\/index.php\/wp-json\/wp\/v2\/posts\/903\/revisions"}],"predecessor-version":[{"id":904,"href":"https:\/\/lesbiopaniersdemareil.org\/index.php\/wp-json\/wp\/v2\/posts\/903\/revisions\/904"}],"wp:attachment":[{"href":"https:\/\/lesbiopaniersdemareil.org\/index.php\/wp-json\/wp\/v2\/media?parent=903"}],"wp:term":[{"taxonomy":"category","embeddable":true,"href":"https:\/\/lesbiopaniersdemareil.org\/index.php\/wp-json\/wp\/v2\/categories?post=903"},{"taxonomy":"post_tag","embeddable":true,"href":"https:\/\/lesbiopaniersdemareil.org\/index.php\/wp-json\/wp\/v2\/tags?post=903"}],"curies":[{"name":"wp","href":"https:\/\/api.w.org\/{rel}","templated":true}]}}