{"id":861,"date":"2019-05-26T10:11:34","date_gmt":"2019-05-26T08:11:34","guid":{"rendered":"http:\/\/lesbiopaniersdemareil.org\/?p=861"},"modified":"2019-11-09T09:10:04","modified_gmt":"2019-11-09T08:10:04","slug":"tables-citoyennes-pour-une-autre-pac","status":"publish","type":"post","link":"https:\/\/lesbiopaniersdemareil.org\/index.php\/2019\/05\/26\/tables-citoyennes-pour-une-autre-pac\/","title":{"rendered":"Tables citoyennes Pour une autre PAC"},"content":{"rendered":"<div class=\"\" style=\"caret-color: #000000; color: #000000; font-family: UICTFontTextStyleTallBody; font-size: 17px; font-style: normal; font-variant-caps: normal; font-weight: normal; letter-spacing: normal; orphans: auto; text-align: start; text-indent: 0px; text-transform: none; white-space: normal; widows: auto; word-spacing: 0px; -webkit-tap-highlight-color: rgba(26, 26, 26, 0.301961); -webkit-text-size-adjust: auto; -webkit-text-stroke-width: 0px; text-decoration: none;\"><span class=\"\">La campagne &#8220;Tablons sur nos paysans&#8221; men\u00e9e depuis plusieurs mois par la plateforme\u00a0<\/span><span class=\"\"><a class=\"\" href=\"https:\/\/pouruneautrepac.eu\/\">Pour une autre PAC<\/a><\/span><span class=\"\">\u00a0se termine.\u00a0<\/span><\/div>\n<div class=\"\" style=\"caret-color: #000000; color: #000000; font-family: UICTFontTextStyleTallBody; font-size: 17px; font-style: normal; font-variant-caps: normal; font-weight: normal; letter-spacing: normal; orphans: auto; text-align: start; text-indent: 0px; text-transform: none; white-space: normal; widows: auto; word-spacing: 0px; -webkit-tap-highlight-color: rgba(26, 26, 26, 0.301961); -webkit-text-size-adjust: auto; -webkit-text-stroke-width: 0px; text-decoration: none;\"><span class=\"\">30 tables citoyennes ont \u00e9t\u00e9 organis\u00e9es avec plus de 2000 citoyens participants, 83 candidats pr\u00e9sents ou repr\u00e9sent\u00e9s. Vous voulez savoir ce qu&#8217;ils pensent de la PAC pour faire votre choix ? La plateforme vous a pr\u00e9par\u00e9 9 comptes rendus de ces rencontres:<\/span><\/div>\n<div class=\"\" style=\"caret-color: #000000; color: #000000; font-family: UICTFontTextStyleTallBody; font-size: 17px; font-style: normal; font-variant-caps: normal; font-weight: normal; letter-spacing: normal; orphans: auto; text-align: start; text-indent: 0px; text-transform: none; white-space: normal; widows: auto; word-spacing: 0px; -webkit-tap-highlight-color: rgba(26, 26, 26, 0.301961); -webkit-text-size-adjust: auto; -webkit-text-stroke-width: 0px; text-decoration: none;\">\n<div class=\"\">\u00a0<a class=\"\" href=\"https:\/\/pouruneautrepac.eu\/nos-campagnes\/elections-europeennes\/compte-rendus-des-tables\/\">https:\/\/pouruneautrepac.eu\/nos-campagnes\/elections-europeennes\/compte-rendus-des-tables\/<\/a><\/div>\n<div class=\"\">A partager largement<\/div>\n<div class=\"\">Facebook :\u00a0<a class=\"\" href=\"https:\/\/www.facebook.com\/PlateformePourUneAutrePAC\/posts\/326731598003612\">https:\/\/www.facebook.com\/PlateformePourUneAutrePAC\/posts\/326731598003612<\/a><\/div>\n<div class=\"\">Twitter :\u00a0<a class=\"\" href=\"https:\/\/twitter.com\/pouruneautrepac\/status\/1131977931381776384\">https:\/\/twitter.com\/pouruneautrepac\/status\/1131977931381776384<\/a><\/div>\n<div class=\"\">\n<div class=\"\"><span class=\"\">Deux tables ont \u00e9t\u00e9 organis\u00e9es par le MIRAMAP: une \u00e0 Lyon le 22 mai (sans compte-rendu en ligne) et une \u00e0 Paris le 20 mai (avec compte-rendu en ligne)<\/span><\/div>\n<div class=\"\"><span class=\"\">\u00a0<\/span><\/div>\n<div class=\"\">Si vous souhaitez \u00eatre inform\u00e9s des prochaines actions de la plateforme, vous pouvez vous inscrire sur une liste\u00a0<a class=\"\" href=\"https:\/\/pouruneautrepac.eu\/rejoindre\/\">rejoindre le mouvement.<\/a>\u00a0A partir de septembre, une lettre d\u2019info devrait vous \u00eatre envoy\u00e9e.<\/div>\n<\/div>\n<div class=\"\"><span class=\"\">Vous pouvez aussi continuer \u00e0 regarder et partager \u00a0<\/span><span class=\"\"><a class=\"\" href=\"https:\/\/pouruneautrepac.eu\/nicolas-meyrieux-vous-presente-la-campagne\/\">la vid\u00e9o humoristique de Nicolas Meyrieux<\/a><\/span><span class=\"\">, faire circuler\u00a0<\/span><span class=\"\"><a class=\"\" href=\"https:\/\/pouruneautrepac.eu\/nos-campagnes\/tablons-sur-nos-paysan-nes\/les-portraits\/\">les portraits de paysans<\/a><\/span><span class=\"\">,\u00a0<\/span>sensibiliser autour de vous \u00e0 <a href=\"https:\/\/drive.google.com\/file\/d\/1TyqJGKNVbiyoTtr_BfmnmDZbySuZzsEM\/view?usp=sharing\">l\u2019aide du pdf.<\/a><\/div>\n<\/div>\n","protected":false},"excerpt":{"rendered":"<p>La campagne &#8220;Tablons sur nos paysans&#8221; men\u00e9e depuis plusieurs mois par la plateforme\u00a0Pour une autre PAC\u00a0se termine.\u00a0 30 tables citoyennes ont \u00e9t\u00e9 organis\u00e9es avec plus de 2000 citoyens participants, 83 candidats pr\u00e9sents ou repr\u00e9sent\u00e9s. Vous voulez savoir ce qu&#8217;ils pensent de la PAC pour faire votre choix ? La plateforme vous a pr\u00e9par\u00e9 9 comptes &hellip; <\/p>\n<p class=\"link-more\"><a href=\"https:\/\/lesbiopaniersdemareil.org\/index.php\/2019\/05\/26\/tables-citoyennes-pour-une-autre-pac\/\" class=\"more-link\">Continue reading<span class=\"screen-reader-text\"> &#8220;Tables citoyennes Pour une autre PAC&#8221;<\/span><\/a><\/p>\n","protected":false},"author":1,"featured_media":0,"comment_status":"open","ping_status":"open","sticky":false,"template":"","format":"standard","meta":{"spay_email":"","jetpack_publicize_message":"","jetpack_is_tweetstorm":false,"jetpack_publicize_feature_enabled":true},"categories":[57,63],"tags":[],"jetpack_featured_media_url":"","jetpack_publicize_connections":[],"jetpack_sharing_enabled":true,"jetpack_shortlink":"https:\/\/wp.me\/pai4cU-dT","_links":{"self":[{"href":"https:\/\/lesbiopaniersdemareil.org\/index.php\/wp-json\/wp\/v2\/posts\/861"}],"collection":[{"href":"https:\/\/lesbiopaniersdemareil.org\/index.php\/wp-json\/wp\/v2\/posts"}],"about":[{"href":"https:\/\/lesbiopaniersdemareil.org\/index.php\/wp-json\/wp\/v2\/types\/post"}],"author":[{"embeddable":true,"href":"https:\/\/lesbiopaniersdemareil.org\/index.php\/wp-json\/wp\/v2\/users\/1"}],"replies":[{"embeddable":true,"href":"https:\/\/lesbiopaniersdemareil.org\/index.php\/wp-json\/wp\/v2\/comments?post=861"}],"version-history":[{"count":2,"href":"https:\/\/lesbiopaniersdemareil.org\/index.php\/wp-json\/wp\/v2\/posts\/861\/revisions"}],"predecessor-version":[{"id":871,"href":"https:\/\/lesbiopaniersdemareil.org\/index.php\/wp-json\/wp\/v2\/posts\/861\/revisions\/871"}],"wp:attachment":[{"href":"https:\/\/lesbiopaniersdemareil.org\/index.php\/wp-json\/wp\/v2\/media?parent=861"}],"wp:term":[{"taxonomy":"category","embeddable":true,"href":"https:\/\/lesbiopaniersdemareil.org\/index.php\/wp-json\/wp\/v2\/categories?post=861"},{"taxonomy":"post_tag","embeddable":true,"href":"https:\/\/lesbiopaniersdemareil.org\/index.php\/wp-json\/wp\/v2\/tags?post=861"}],"curies":[{"name":"wp","href":"https:\/\/api.w.org\/{rel}","templated":true}]}}