{"id":845,"date":"2019-05-22T18:26:58","date_gmt":"2019-05-22T16:26:58","guid":{"rendered":"http:\/\/lesbiopaniersdemareil.org\/?p=845"},"modified":"2019-05-22T18:26:59","modified_gmt":"2019-05-22T16:26:59","slug":"tarte-aux-fanes-de-betteraves","status":"publish","type":"post","link":"https:\/\/lesbiopaniersdemareil.org\/index.php\/2019\/05\/22\/tarte-aux-fanes-de-betteraves\/","title":{"rendered":"Tarte aux fanes de betteraves"},"content":{"rendered":"\n<p>Ingr\u00e9dients:<br>\nune p\u00e2te feuillet\u00e9e<br>\n70 g de lardons (ou de chorizo ou un bol de moules cuites d\u00e9cortiqu\u00e9es)<br>\nles fanes de 4 betteraves rouges<\/p>\n\n\n\n<p>2 cs de&nbsp;<a href=\"http:\/\/www.alelor.fr\/fr\/produits\/moutarde-douce\/\">moutarde <\/a>\u00e0 l\u2019ancienne<br>\n50 g de fromage r\u00e2p\u00e9 <br>\n3 oeufs<br>\n30 cl de cr\u00e8me fra\u00eeche<br>\n<a href=\"http:\/\/www.alziari.com.fr\/huile-d-olive\/flacon-200-ml-cuvee-fleur-de-siecles.html\">huile d&#8217;olive<\/a><br>\nsel et poivre<\/p>\n\n\n\n<p>Bien rincer les fanes et les \u00e9goutter. Plier chaque feuille en\ndeux pour couper facilement la tige, le plus haut possible. Emincer finement\nles tiges et r\u00e9server.<br>\nCouper grossi\u00e8rement les feuilles et les plonger dans l&#8217;eau bouillante pendant\n2 mn. Les retirer \u00e0 l&#8217;aide d&#8217;une \u00e9cumoire et les placer dans l&#8217;eau glac\u00e9e. Puis\n\u00e9goutter les feuilles et r\u00e9server.<br>\nUtiliser la m\u00eame eau bouillante pour plonger les morceaux de tige&nbsp;pendant\n3 mn. \u00c9goutter et r\u00e9server.<br>\nDans un bol, m\u00e9langer les oeufs entiers avec la cr\u00e8me fra\u00eeche, saler et\npoivrer.<br>\n\u00c9tendre la p\u00e2te feuillet\u00e9e dans un moule et piquer le fond avec une fourchette.\nR\u00e9partir la moutarde sur la p\u00e2te. Ajouter les feuilles de fanes essor\u00e9es et les\nmorceaux de tige.&nbsp; Parsemer de lardons\n(chorizo, moules) et de fromage r\u00e2p\u00e9. Ajouter le m\u00e9lange oeufs-cr\u00e8me.<br>\nEnfourner 30 mn dans un four pr\u00e9chauff\u00e9 \u00e0 180\u00b0.<br>\nServir chaud avec une salade.<\/p>\n","protected":false},"excerpt":{"rendered":"<p>Ingr\u00e9dients: une p\u00e2te feuillet\u00e9e 70 g de lardons (ou de chorizo ou un bol de moules cuites d\u00e9cortiqu\u00e9es) les fanes de 4 betteraves rouges 2 cs de&nbsp;moutarde \u00e0 l\u2019ancienne 50 g de fromage r\u00e2p\u00e9 3 oeufs 30 cl de cr\u00e8me fra\u00eeche huile d&#8217;olive sel et poivre Bien rincer les fanes et les \u00e9goutter. Plier chaque &hellip; <\/p>\n<p class=\"link-more\"><a href=\"https:\/\/lesbiopaniersdemareil.org\/index.php\/2019\/05\/22\/tarte-aux-fanes-de-betteraves\/\" class=\"more-link\">Continue reading<span class=\"screen-reader-text\"> &#8220;Tarte aux fanes de betteraves&#8221;<\/span><\/a><\/p>\n","protected":false},"author":1,"featured_media":0,"comment_status":"open","ping_status":"open","sticky":false,"template":"","format":"standard","meta":{"spay_email":"","jetpack_publicize_message":"","jetpack_is_tweetstorm":false,"jetpack_publicize_feature_enabled":true},"categories":[4],"tags":[],"jetpack_featured_media_url":"","jetpack_publicize_connections":[],"jetpack_sharing_enabled":true,"jetpack_shortlink":"https:\/\/wp.me\/pai4cU-dD","_links":{"self":[{"href":"https:\/\/lesbiopaniersdemareil.org\/index.php\/wp-json\/wp\/v2\/posts\/845"}],"collection":[{"href":"https:\/\/lesbiopaniersdemareil.org\/index.php\/wp-json\/wp\/v2\/posts"}],"about":[{"href":"https:\/\/lesbiopaniersdemareil.org\/index.php\/wp-json\/wp\/v2\/types\/post"}],"author":[{"embeddable":true,"href":"https:\/\/lesbiopaniersdemareil.org\/index.php\/wp-json\/wp\/v2\/users\/1"}],"replies":[{"embeddable":true,"href":"https:\/\/lesbiopaniersdemareil.org\/index.php\/wp-json\/wp\/v2\/comments?post=845"}],"version-history":[{"count":1,"href":"https:\/\/lesbiopaniersdemareil.org\/index.php\/wp-json\/wp\/v2\/posts\/845\/revisions"}],"predecessor-version":[{"id":846,"href":"https:\/\/lesbiopaniersdemareil.org\/index.php\/wp-json\/wp\/v2\/posts\/845\/revisions\/846"}],"wp:attachment":[{"href":"https:\/\/lesbiopaniersdemareil.org\/index.php\/wp-json\/wp\/v2\/media?parent=845"}],"wp:term":[{"taxonomy":"category","embeddable":true,"href":"https:\/\/lesbiopaniersdemareil.org\/index.php\/wp-json\/wp\/v2\/categories?post=845"},{"taxonomy":"post_tag","embeddable":true,"href":"https:\/\/lesbiopaniersdemareil.org\/index.php\/wp-json\/wp\/v2\/tags?post=845"}],"curies":[{"name":"wp","href":"https:\/\/api.w.org\/{rel}","templated":true}]}}