{"id":843,"date":"2019-05-22T18:25:29","date_gmt":"2019-05-22T16:25:29","guid":{"rendered":"http:\/\/lesbiopaniersdemareil.org\/?p=843"},"modified":"2019-05-22T18:25:30","modified_gmt":"2019-05-22T16:25:30","slug":"tarte-rustique-au-chou-rave-avec-des-fanes","status":"publish","type":"post","link":"https:\/\/lesbiopaniersdemareil.org\/index.php\/2019\/05\/22\/tarte-rustique-au-chou-rave-avec-des-fanes\/","title":{"rendered":"Tarte rustique au chou rave avec des fanes"},"content":{"rendered":"\n<p>Ingr\u00e9dients&nbsp;(pour 4 personnes)&nbsp;:<\/p>\n\n\n\n<p>4 feuilles de brick<\/p>\n\n\n\n<p>20 g de beurre<\/p>\n\n\n\n<p>2 feuilles de laurier<\/p>\n\n\n\n<p>4 cs d\u2019amandes effil\u00e9es<\/p>\n\n\n\n<p>4 cs de tomates s\u00e9ch\u00e9es<\/p>\n\n\n\n<p>2 belles gousses d\u2019ail<\/p>\n\n\n\n<p>3 cs d\u2019huile d&#8217;olive<\/p>\n\n\n\n<p>1 tasse \u00e0 caf\u00e9 de noix de cajou non sal\u00e9es<\/p>\n\n\n\n<p>Sel, poivre<\/p>\n\n\n\n<p>Pr\u00e9chauffer le four \u00e0 180\u00b0<\/p>\n\n\n\n<p>Laver et peler le chou-rave. R\u00e9server les fanes. Cuire \u00e0 l\u2019eau\nbouillante sal\u00e9e avec le laurier pendant 20 min. \u00c9goutter et coupez-le en\nrondelles.<\/p>\n\n\n\n<p>Pendant la cuisson, pr\u00e9parer un pesto avec les fanes du chou.\n\u00d4ter les c\u00f4tes et \u00e9mincer grossi\u00e8rement les feuilles. Mettre dans un mixeur\navec les deux gousses d\u2019ail et les noix de cajou et 2 cs d\u2019huile d\u2019olive. Mixer\njusqu\u2019\u00e0 obtenir un p\u00e2te l\u00e9g\u00e8rement granuleuse.<\/p>\n\n\n\n<p>Beurrer un moule \u00e0 tarte. Badigeonner les feuilles de brick avec\nun peu de beurre fondu et les disposer les unes sur les autres dans le moule.<\/p>\n\n\n\n<p>Disposer une fine couche de pesto dans le fond et r\u00e9partir les\nrondelles de chou-rave dans le moule, comme pour une tarte, parsemer d&#8217;amandes\neffil\u00e9es, de tomates s\u00e9ch\u00e9es hach\u00e9es. Saler et poivrer. Enfourner 20 min.\nNB&nbsp;: s\u2019il reste du pesto, s\u2019en servir dans le prochain plat de p\u00e2tes.<\/p>\n","protected":false},"excerpt":{"rendered":"<p>Ingr\u00e9dients&nbsp;(pour 4 personnes)&nbsp;: 4 feuilles de brick 20 g de beurre 2 feuilles de laurier 4 cs d\u2019amandes effil\u00e9es 4 cs de tomates s\u00e9ch\u00e9es 2 belles gousses d\u2019ail 3 cs d\u2019huile d&#8217;olive 1 tasse \u00e0 caf\u00e9 de noix de cajou non sal\u00e9es Sel, poivre Pr\u00e9chauffer le four \u00e0 180\u00b0 Laver et peler le chou-rave. R\u00e9server &hellip; <\/p>\n<p class=\"link-more\"><a href=\"https:\/\/lesbiopaniersdemareil.org\/index.php\/2019\/05\/22\/tarte-rustique-au-chou-rave-avec-des-fanes\/\" class=\"more-link\">Continue reading<span class=\"screen-reader-text\"> &#8220;Tarte rustique au chou rave avec des fanes&#8221;<\/span><\/a><\/p>\n","protected":false},"author":1,"featured_media":0,"comment_status":"open","ping_status":"open","sticky":false,"template":"","format":"standard","meta":{"spay_email":"","jetpack_publicize_message":"","jetpack_is_tweetstorm":false,"jetpack_publicize_feature_enabled":true},"categories":[4],"tags":[],"jetpack_featured_media_url":"","jetpack_publicize_connections":[],"jetpack_sharing_enabled":true,"jetpack_shortlink":"https:\/\/wp.me\/pai4cU-dB","_links":{"self":[{"href":"https:\/\/lesbiopaniersdemareil.org\/index.php\/wp-json\/wp\/v2\/posts\/843"}],"collection":[{"href":"https:\/\/lesbiopaniersdemareil.org\/index.php\/wp-json\/wp\/v2\/posts"}],"about":[{"href":"https:\/\/lesbiopaniersdemareil.org\/index.php\/wp-json\/wp\/v2\/types\/post"}],"author":[{"embeddable":true,"href":"https:\/\/lesbiopaniersdemareil.org\/index.php\/wp-json\/wp\/v2\/users\/1"}],"replies":[{"embeddable":true,"href":"https:\/\/lesbiopaniersdemareil.org\/index.php\/wp-json\/wp\/v2\/comments?post=843"}],"version-history":[{"count":1,"href":"https:\/\/lesbiopaniersdemareil.org\/index.php\/wp-json\/wp\/v2\/posts\/843\/revisions"}],"predecessor-version":[{"id":844,"href":"https:\/\/lesbiopaniersdemareil.org\/index.php\/wp-json\/wp\/v2\/posts\/843\/revisions\/844"}],"wp:attachment":[{"href":"https:\/\/lesbiopaniersdemareil.org\/index.php\/wp-json\/wp\/v2\/media?parent=843"}],"wp:term":[{"taxonomy":"category","embeddable":true,"href":"https:\/\/lesbiopaniersdemareil.org\/index.php\/wp-json\/wp\/v2\/categories?post=843"},{"taxonomy":"post_tag","embeddable":true,"href":"https:\/\/lesbiopaniersdemareil.org\/index.php\/wp-json\/wp\/v2\/tags?post=843"}],"curies":[{"name":"wp","href":"https:\/\/api.w.org\/{rel}","templated":true}]}}