{"id":840,"date":"2019-05-22T18:17:21","date_gmt":"2019-05-22T16:17:21","guid":{"rendered":"http:\/\/lesbiopaniersdemareil.org\/?p=840"},"modified":"2019-11-09T09:10:18","modified_gmt":"2019-11-09T08:10:18","slug":"formations-au-compostage","status":"publish","type":"post","link":"https:\/\/lesbiopaniersdemareil.org\/index.php\/2019\/05\/22\/formations-au-compostage\/","title":{"rendered":"Formations au compostage"},"content":{"rendered":"\n<h2>R\u00e9servez votre composteur \/ Formation gratuite<\/h2>\n\n\n\n<figure class=\"wp-block-image\"><img src=\"http:\/\/www.saintgermainbouclesdeseine.fr\/fileadmin\/ccbs\/MEDIA\/ENVIRONNEMENT\/Compostage\/Composteur-2019.jpg\" alt=\"\"\/><\/figure>\n\n\n\n<p>Si vous \u00eates \u00e9ligible inscrivez-vous pour la prochaine session d&#8217;initiation gratuite au compostage (1h) et repartez avec un composteur.<\/p>\n\n\n\n<p>Vous compostez d\u00e9j\u00e0 ? Venez compl\u00e9ter vos connaissances !<\/p>\n\n\n\n<p><a href=\"http:\/\/www.saintgermainbouclesdeseine.fr\/environnement\/le-compostage-et-le-paillage\/faites-votre-compost\/le-compostage-de-jardin\/\">Les sessions ont lieu en mars\/avril et en septembre\/octobre de chaque ann\u00e9e<\/a><\/p>\n\n\n\n<p><\/p>\n","protected":false},"excerpt":{"rendered":"<p>R\u00e9servez votre composteur \/ Formation gratuite Si vous \u00eates \u00e9ligible inscrivez-vous pour la prochaine session d&#8217;initiation gratuite au compostage (1h) et repartez avec un composteur. Vous compostez d\u00e9j\u00e0 ? Venez compl\u00e9ter vos connaissances ! Les sessions ont lieu en mars\/avril et en septembre\/octobre de chaque ann\u00e9e<\/p>\n","protected":false},"author":1,"featured_media":0,"comment_status":"open","ping_status":"open","sticky":false,"template":"","format":"standard","meta":{"spay_email":"","jetpack_publicize_message":"","jetpack_is_tweetstorm":false,"jetpack_publicize_feature_enabled":true},"categories":[63],"tags":[],"jetpack_featured_media_url":"","jetpack_publicize_connections":[],"jetpack_sharing_enabled":true,"jetpack_shortlink":"https:\/\/wp.me\/pai4cU-dy","_links":{"self":[{"href":"https:\/\/lesbiopaniersdemareil.org\/index.php\/wp-json\/wp\/v2\/posts\/840"}],"collection":[{"href":"https:\/\/lesbiopaniersdemareil.org\/index.php\/wp-json\/wp\/v2\/posts"}],"about":[{"href":"https:\/\/lesbiopaniersdemareil.org\/index.php\/wp-json\/wp\/v2\/types\/post"}],"author":[{"embeddable":true,"href":"https:\/\/lesbiopaniersdemareil.org\/index.php\/wp-json\/wp\/v2\/users\/1"}],"replies":[{"embeddable":true,"href":"https:\/\/lesbiopaniersdemareil.org\/index.php\/wp-json\/wp\/v2\/comments?post=840"}],"version-history":[{"count":1,"href":"https:\/\/lesbiopaniersdemareil.org\/index.php\/wp-json\/wp\/v2\/posts\/840\/revisions"}],"predecessor-version":[{"id":841,"href":"https:\/\/lesbiopaniersdemareil.org\/index.php\/wp-json\/wp\/v2\/posts\/840\/revisions\/841"}],"wp:attachment":[{"href":"https:\/\/lesbiopaniersdemareil.org\/index.php\/wp-json\/wp\/v2\/media?parent=840"}],"wp:term":[{"taxonomy":"category","embeddable":true,"href":"https:\/\/lesbiopaniersdemareil.org\/index.php\/wp-json\/wp\/v2\/categories?post=840"},{"taxonomy":"post_tag","embeddable":true,"href":"https:\/\/lesbiopaniersdemareil.org\/index.php\/wp-json\/wp\/v2\/tags?post=840"}],"curies":[{"name":"wp","href":"https:\/\/api.w.org\/{rel}","templated":true}]}}