{"id":542,"date":"2019-02-13T10:21:56","date_gmt":"2019-02-13T09:21:56","guid":{"rendered":"http:\/\/lesbiopaniersdemareil.org\/?p=542"},"modified":"2019-11-09T09:10:25","modified_gmt":"2019-11-09T08:10:25","slug":"depot-lunettes-demain-lors-de-la-distribution","status":"publish","type":"post","link":"https:\/\/lesbiopaniersdemareil.org\/index.php\/2019\/02\/13\/depot-lunettes-demain-lors-de-la-distribution\/","title":{"rendered":"d\u00e9p\u00f4t lunettes demain lors de la distribution"},"content":{"rendered":"\n<p>\n\n\nLe canard de l\u2019Etang vous propose de<br>r\u00e9cup\u00e9rer sur le mois de janvier\/f\u00e9vrier<br>vos anciennes lunettes<br>Elles seront ensuite exp\u00e9di\u00e9es \u00e0 l\u2019association \u00ab Lunettes sans<br>fronti\u00e8re \u00bb, les frais de port seront pris en charge par les<br>annonces mises en ligne sur le canard .<br>Lunettes sans fronti\u00e8re est une association qui depuis 1974,<br>collecte des lunettes pour les malvoyants pauvres.<br>Vos vieilles lunettes ne sont plus \u00e0 votre vue, ou elles ne sont<br>plus \u00e0 la mode. Et pourtant, elles sont toujours en bon \u00e9tat.<br>Ne les jetez pas. Quelque part et m\u00eame en France, des<br>personnes myopes, presbytes, astigmates vivent actuellement<br>dans le brouillard faute de moyens. Leur offrir ces lunettes<br>c\u2019est leur redonner la vie.<br>Dans beaucoup de foyers il y a des lunettes qui ne<br>servent plus, mais seraient tr\u00e8s utiles.<br>Si vous avez:<br>Des lunettes en bon \u00e9tat sans \u00e9tui<br>Des lunettes de soleil<br>Des appareils de correction auditive<br>Pas de verres seuls d\u00e9j\u00e0 taill\u00e9s(inutilisables)<br>Merci de les d\u00e9poser : au 51 route de st nom, une bo\u00eete<br>orange est \u00e0 votre disposition juste devant le portillon \u263a<br>\u2022 A la boulangerie (Merci pour son accueil)<br>D\u00e8s maintenant et jusqu&#8217;\u00e0 la mi-f\u00e9vrier<br>Fa\u00eetes le savoir autour de vous, afin que nous puissions r\u00e9cup\u00e9rer un<br>maximum de lunettes. Merci pour eux<br>En 2014 nous avions r\u00e9cup\u00e9r\u00e9 222 lunettes, bravo \u00e0 vous\u2026<br>http:\/\/lecanarddeletang.fr \n<br><\/p>\n","protected":false},"excerpt":{"rendered":"<p>Le canard de l\u2019Etang vous propose der\u00e9cup\u00e9rer sur le mois de janvier\/f\u00e9vriervos anciennes lunettesElles seront ensuite exp\u00e9di\u00e9es \u00e0 l\u2019association \u00ab Lunettes sansfronti\u00e8re \u00bb, les frais de port seront pris en charge par lesannonces mises en ligne sur le canard .Lunettes sans fronti\u00e8re est une association qui depuis 1974,collecte des lunettes pour les malvoyants pauvres.Vos vieilles &hellip; <\/p>\n<p class=\"link-more\"><a href=\"https:\/\/lesbiopaniersdemareil.org\/index.php\/2019\/02\/13\/depot-lunettes-demain-lors-de-la-distribution\/\" class=\"more-link\">Continue reading<span class=\"screen-reader-text\"> &#8220;d\u00e9p\u00f4t lunettes demain lors de la distribution&#8221;<\/span><\/a><\/p>\n","protected":false},"author":1,"featured_media":543,"comment_status":"open","ping_status":"open","sticky":false,"template":"","format":"standard","meta":{"spay_email":"","jetpack_publicize_message":"","jetpack_is_tweetstorm":false,"jetpack_publicize_feature_enabled":true},"categories":[63],"tags":[],"jetpack_featured_media_url":"https:\/\/lesbiopaniersdemareil.org\/wp-content\/uploads\/2019\/02\/glasses-1246611_640.jpg","jetpack_publicize_connections":[],"jetpack_sharing_enabled":true,"jetpack_shortlink":"https:\/\/wp.me\/pai4cU-8K","_links":{"self":[{"href":"https:\/\/lesbiopaniersdemareil.org\/index.php\/wp-json\/wp\/v2\/posts\/542"}],"collection":[{"href":"https:\/\/lesbiopaniersdemareil.org\/index.php\/wp-json\/wp\/v2\/posts"}],"about":[{"href":"https:\/\/lesbiopaniersdemareil.org\/index.php\/wp-json\/wp\/v2\/types\/post"}],"author":[{"embeddable":true,"href":"https:\/\/lesbiopaniersdemareil.org\/index.php\/wp-json\/wp\/v2\/users\/1"}],"replies":[{"embeddable":true,"href":"https:\/\/lesbiopaniersdemareil.org\/index.php\/wp-json\/wp\/v2\/comments?post=542"}],"version-history":[{"count":1,"href":"https:\/\/lesbiopaniersdemareil.org\/index.php\/wp-json\/wp\/v2\/posts\/542\/revisions"}],"predecessor-version":[{"id":544,"href":"https:\/\/lesbiopaniersdemareil.org\/index.php\/wp-json\/wp\/v2\/posts\/542\/revisions\/544"}],"wp:featuredmedia":[{"embeddable":true,"href":"https:\/\/lesbiopaniersdemareil.org\/index.php\/wp-json\/wp\/v2\/media\/543"}],"wp:attachment":[{"href":"https:\/\/lesbiopaniersdemareil.org\/index.php\/wp-json\/wp\/v2\/media?parent=542"}],"wp:term":[{"taxonomy":"category","embeddable":true,"href":"https:\/\/lesbiopaniersdemareil.org\/index.php\/wp-json\/wp\/v2\/categories?post=542"},{"taxonomy":"post_tag","embeddable":true,"href":"https:\/\/lesbiopaniersdemareil.org\/index.php\/wp-json\/wp\/v2\/tags?post=542"}],"curies":[{"name":"wp","href":"https:\/\/api.w.org\/{rel}","templated":true}]}}