{"id":465,"date":"2019-02-12T10:22:32","date_gmt":"2019-02-12T09:22:32","guid":{"rendered":"http:\/\/lesbiopaniersdemareil.org\/?p=465"},"modified":"2019-02-12T10:22:33","modified_gmt":"2019-02-12T09:22:33","slug":"curry-de-fenouil-et-pommes-de-terre","status":"publish","type":"post","link":"https:\/\/lesbiopaniersdemareil.org\/index.php\/2019\/02\/12\/curry-de-fenouil-et-pommes-de-terre\/","title":{"rendered":"CURRY DE FENOUIL ET POMMES DE TERRE"},"content":{"rendered":"\n<p><strong><br><\/strong><\/p>\n\n\n\n<p>Ingr\u00e9dients&nbsp;:<\/p>\n\n\n\n<p>(pour 4 personnes)<\/p>\n\n\n\n<p>4 bulbes de fenouil de taille moyenne<\/p>\n\n\n\n<p>4 pommes de terre moyennes<\/p>\n\n\n\n<p>1 cuil. \u00e0 caf\u00e9 de p\u00e2te de curry (rouge ou jaune\nselon le go\u00fbt)<\/p>\n\n\n\n<p>1 yaourt blanc non sucr\u00e9<\/p>\n\n\n\n<p>Huile d\u2019olive (ou beurre ou graisse de canard)<\/p>\n\n\n\n<p>1 bouquet de coriandre et quelques graines de\nnigelle (facultatif)<\/p>\n\n\n\n<p>Eplucher les fenouils et les pommes de terre, les\ncouper en d\u00e9s et faire revenir l\u2019ensemble dans une sauteuse avec 2 cuil. \u00e0\nsoupe d\u2019huile d\u2019olive (ou une autre graisse).<\/p>\n\n\n\n<p>Ajouter un verre d\u2019eau chaude et laisser cuire 20\nminutes.<\/p>\n\n\n\n<p>Ajouter la p\u00e2te de curry d\u00e9lay\u00e9e dans un tout petit\npeu d\u2019eau bouillante. Ajouter \u00e0 la pr\u00e9paration, ainsi que le yaourt. M\u00e9langer.<\/p>\n\n\n\n<p>Laisser cuire encore 5 minutes pour que la sauce\n\u00e9paississe. Go\u00fbter et assaisonner (sel et\/ou poivre) si besoin.<\/p>\n\n\n\n<p>Parsemer de coriandre \u00e9minc\u00e9e et de graines de\nnigelle.<\/p>\n\n\n\n<p>Servir tel quel ou avec un riz blanc parfum\u00e9 \u00e0 la\ncardamome.<\/p>\n","protected":false},"excerpt":{"rendered":"<p>Ingr\u00e9dients&nbsp;: (pour 4 personnes) 4 bulbes de fenouil de taille moyenne 4 pommes de terre moyennes 1 cuil. \u00e0 caf\u00e9 de p\u00e2te de curry (rouge ou jaune selon le go\u00fbt) 1 yaourt blanc non sucr\u00e9 Huile d\u2019olive (ou beurre ou graisse de canard) 1 bouquet de coriandre et quelques graines de nigelle (facultatif) Eplucher les &hellip; <\/p>\n<p class=\"link-more\"><a href=\"https:\/\/lesbiopaniersdemareil.org\/index.php\/2019\/02\/12\/curry-de-fenouil-et-pommes-de-terre\/\" class=\"more-link\">Continue reading<span class=\"screen-reader-text\"> &#8220;CURRY DE FENOUIL ET POMMES DE TERRE&#8221;<\/span><\/a><\/p>\n","protected":false},"author":1,"featured_media":466,"comment_status":"open","ping_status":"open","sticky":false,"template":"","format":"standard","meta":{"spay_email":"","jetpack_publicize_message":"","jetpack_is_tweetstorm":false,"jetpack_publicize_feature_enabled":true},"categories":[4],"tags":[],"jetpack_featured_media_url":"https:\/\/lesbiopaniersdemareil.org\/wp-content\/uploads\/2019\/02\/vegetables-2924244_1280.jpg","jetpack_publicize_connections":[],"jetpack_sharing_enabled":true,"jetpack_shortlink":"https:\/\/wp.me\/pai4cU-7v","_links":{"self":[{"href":"https:\/\/lesbiopaniersdemareil.org\/index.php\/wp-json\/wp\/v2\/posts\/465"}],"collection":[{"href":"https:\/\/lesbiopaniersdemareil.org\/index.php\/wp-json\/wp\/v2\/posts"}],"about":[{"href":"https:\/\/lesbiopaniersdemareil.org\/index.php\/wp-json\/wp\/v2\/types\/post"}],"author":[{"embeddable":true,"href":"https:\/\/lesbiopaniersdemareil.org\/index.php\/wp-json\/wp\/v2\/users\/1"}],"replies":[{"embeddable":true,"href":"https:\/\/lesbiopaniersdemareil.org\/index.php\/wp-json\/wp\/v2\/comments?post=465"}],"version-history":[{"count":1,"href":"https:\/\/lesbiopaniersdemareil.org\/index.php\/wp-json\/wp\/v2\/posts\/465\/revisions"}],"predecessor-version":[{"id":467,"href":"https:\/\/lesbiopaniersdemareil.org\/index.php\/wp-json\/wp\/v2\/posts\/465\/revisions\/467"}],"wp:featuredmedia":[{"embeddable":true,"href":"https:\/\/lesbiopaniersdemareil.org\/index.php\/wp-json\/wp\/v2\/media\/466"}],"wp:attachment":[{"href":"https:\/\/lesbiopaniersdemareil.org\/index.php\/wp-json\/wp\/v2\/media?parent=465"}],"wp:term":[{"taxonomy":"category","embeddable":true,"href":"https:\/\/lesbiopaniersdemareil.org\/index.php\/wp-json\/wp\/v2\/categories?post=465"},{"taxonomy":"post_tag","embeddable":true,"href":"https:\/\/lesbiopaniersdemareil.org\/index.php\/wp-json\/wp\/v2\/tags?post=465"}],"curies":[{"name":"wp","href":"https:\/\/api.w.org\/{rel}","templated":true}]}}