{"id":363,"date":"2018-09-21T08:48:31","date_gmt":"2018-09-21T06:48:31","guid":{"rendered":"http:\/\/lesbiopaniersdemareil.org\/?p=363"},"modified":"2018-09-21T08:48:31","modified_gmt":"2018-09-21T06:48:31","slug":"adhesion-amap-les-bio-paniers-de-mareil-2018-2019","status":"publish","type":"post","link":"https:\/\/lesbiopaniersdemareil.org\/index.php\/2018\/09\/21\/adhesion-amap-les-bio-paniers-de-mareil-2018-2019\/","title":{"rendered":"ADHESION AMAP LES BIO PANIERS DE MAREIL 2018-2019"},"content":{"rendered":"<p>Bonjour \u00e0 toutes et tous,<\/p>\n<p>&nbsp;<\/p>\n<p>La nouvelle Saison de notre AMAP d\u00e9marrera le 10 Octobre!<\/p>\n<p>&nbsp;<\/p>\n<p>Nous souhaitons la bienvenue \u00e0 nos nouveaux adh\u00e9rents, et sommes heureux de retrouver nos adh\u00e9rents &#8220;historiques&#8221; pour cette nouvelle ann\u00e9e qui comme toujours sera plac\u00e9e sous le signe de la convivialit\u00e9, de la bienveillance et du partage!<\/p>\n<p>&nbsp;<\/p>\n<p>En pr\u00e9paration de cette nouvelle saison , nous vous invitions \u00e0 venir adh\u00e9rer et signer les contrats sur les produits ( Legumes et autres) \u00a0lors de nos 2 permanences les <strong>Mercredis 19 et 26 Septembre de 18H30 \u00e0 20H00<\/strong>.<\/p>\n<p>&nbsp;<\/p>\n<p>Nous vous accueillerons \u00e0 la MJC des Bois Noirs ( Pr\u00e8s des terrains de Tennis et en face de l&#8217;entr\u00e9e du Parking Truffaut).<\/p>\n<p>&nbsp;<\/p>\n<p>Venez donc \u00e9quip\u00e9s de votre plus beau sourire et votre ch\u00e9quier ;-).<\/p>\n<p>&nbsp;<\/p>\n<p>&nbsp;<\/p>\n<p>Dans l&#8217;attente de vous retrouver, nous vous souhaitons un tr\u00e8s bon week end !!<\/p>\n<p>&nbsp;<\/p>\n<p>L&#8217;\u00e9quipe des Bio Paniers de Mareil.<\/p>\n","protected":false},"excerpt":{"rendered":"<p>Bonjour \u00e0 toutes et tous, &nbsp; La nouvelle Saison de notre AMAP d\u00e9marrera le 10 Octobre! &nbsp; Nous souhaitons la bienvenue \u00e0 nos nouveaux adh\u00e9rents, et sommes heureux de retrouver nos adh\u00e9rents &#8220;historiques&#8221; pour cette nouvelle ann\u00e9e qui comme toujours sera plac\u00e9e sous le signe de la convivialit\u00e9, de la bienveillance et du partage! &nbsp; &hellip; <\/p>\n<p class=\"link-more\"><a href=\"https:\/\/lesbiopaniersdemareil.org\/index.php\/2018\/09\/21\/adhesion-amap-les-bio-paniers-de-mareil-2018-2019\/\" class=\"more-link\">Continue reading<span class=\"screen-reader-text\"> &#8220;ADHESION AMAP LES BIO PANIERS DE MAREIL 2018-2019&#8221;<\/span><\/a><\/p>\n","protected":false},"author":1,"featured_media":0,"comment_status":"open","ping_status":"open","sticky":false,"template":"","format":"standard","meta":{"spay_email":"","jetpack_publicize_message":"","jetpack_is_tweetstorm":false,"jetpack_publicize_feature_enabled":true},"categories":[36],"tags":[43],"jetpack_featured_media_url":"","jetpack_publicize_connections":[],"jetpack_sharing_enabled":true,"jetpack_shortlink":"https:\/\/wp.me\/pai4cU-5R","_links":{"self":[{"href":"https:\/\/lesbiopaniersdemareil.org\/index.php\/wp-json\/wp\/v2\/posts\/363"}],"collection":[{"href":"https:\/\/lesbiopaniersdemareil.org\/index.php\/wp-json\/wp\/v2\/posts"}],"about":[{"href":"https:\/\/lesbiopaniersdemareil.org\/index.php\/wp-json\/wp\/v2\/types\/post"}],"author":[{"embeddable":true,"href":"https:\/\/lesbiopaniersdemareil.org\/index.php\/wp-json\/wp\/v2\/users\/1"}],"replies":[{"embeddable":true,"href":"https:\/\/lesbiopaniersdemareil.org\/index.php\/wp-json\/wp\/v2\/comments?post=363"}],"version-history":[{"count":1,"href":"https:\/\/lesbiopaniersdemareil.org\/index.php\/wp-json\/wp\/v2\/posts\/363\/revisions"}],"predecessor-version":[{"id":364,"href":"https:\/\/lesbiopaniersdemareil.org\/index.php\/wp-json\/wp\/v2\/posts\/363\/revisions\/364"}],"wp:attachment":[{"href":"https:\/\/lesbiopaniersdemareil.org\/index.php\/wp-json\/wp\/v2\/media?parent=363"}],"wp:term":[{"taxonomy":"category","embeddable":true,"href":"https:\/\/lesbiopaniersdemareil.org\/index.php\/wp-json\/wp\/v2\/categories?post=363"},{"taxonomy":"post_tag","embeddable":true,"href":"https:\/\/lesbiopaniersdemareil.org\/index.php\/wp-json\/wp\/v2\/tags?post=363"}],"curies":[{"name":"wp","href":"https:\/\/api.w.org\/{rel}","templated":true}]}}