{"id":352,"date":"2018-09-21T08:27:37","date_gmt":"2018-09-21T06:27:37","guid":{"rendered":"http:\/\/lesbiopaniersdemareil.org\/?p=352"},"modified":"2019-11-09T09:10:40","modified_gmt":"2019-11-09T08:10:40","slug":"imagine-for-margot","status":"publish","type":"post","link":"https:\/\/lesbiopaniersdemareil.org\/index.php\/2018\/09\/21\/imagine-for-margot\/","title":{"rendered":"Imagine for margot"},"content":{"rendered":"<p>Chers AMAPIENS<\/p>\n<p>Mila et Saskia, nos filles, vont \u00e0 l&#8217;\u00e9cole qui a vu le passage de la petite Margot, aujourd&#8217;hui d\u00e9c\u00e9d\u00e9e \u00e0 la suite d&#8217;un cancer \u00e0 l\u2019\u00e2ge de 15 ans. Ses parents ont cr\u00e9\u00e9 une association magnifique, &#8220;Imagine for Margot&#8221; qui aujourd\u2019hui finance une partie de la recherche pour le cancer des enfants.<\/p>\n<p>Kirsten, Mila, Saskia et moi soutenons celle-ci, elle fait un travail tr\u00e8s important. <a href=\"https:\/\/imagineformargo.org\/\">https:\/\/imagineformargo.org\/<\/a> .<br \/>\nCette ann\u00e9e encore nous allons courir et collecter des fonds pour financer leurs actions.<\/p>\n<p>Pour nous aider, nous vous proposons<br \/>\n&#8211; de faire un don \u00e0 Imagine for Margo.<br \/>\n&#8211; et pour les parisiens courageux de venir avec nous marcher, ou courir 5km ou 10Km le dimanche 30 septembre matin dans le parc de Saint cloud.<\/p>\n<p>Les dons sont revers\u00e9s par Alvarum.<br \/>\nC&#8217;est tr\u00e8s facile, \u00e9prouv\u00e9 depuis d\u00e9j\u00e0 de nombreuses \u00e9ditions et 100% s\u00e9curis\u00e9. Et non n\u00e9gligeable plus de 70%\u00a0 de votre don est d\u00e9ductible de l&#8217;imp\u00f4t sur le revenu.<\/p>\n<p>ADP GSI, l\u2019entreprise avec laquelle nous nous associons sur ce projet double nos mises.<\/p>\n<p>Les dons sont \u00e0 effectuer sur\u00a0\u00a0 <a href=\"http:\/\/www.alvarum.com\/romainmiller\">http:\/\/www.alvarum.com\/romainmiller<\/a><\/p>\n<p>Merci pour votre soutien, et votre r\u00e9activit\u00e9 (nous ne sommes pas tr\u00e8s en avance \u2026)<\/p>\n<p>Kirsten, Mila, Saskia &amp; Romain Miller<\/p>\n","protected":false},"excerpt":{"rendered":"<p>Chers AMAPIENS Mila et Saskia, nos filles, vont \u00e0 l&#8217;\u00e9cole qui a vu le passage de la petite Margot, aujourd&#8217;hui d\u00e9c\u00e9d\u00e9e \u00e0 la suite d&#8217;un cancer \u00e0 l\u2019\u00e2ge de 15 ans. Ses parents ont cr\u00e9\u00e9 une association magnifique, &#8220;Imagine for Margot&#8221; qui aujourd\u2019hui finance une partie de la recherche pour le cancer des enfants. Kirsten, &hellip; <\/p>\n<p class=\"link-more\"><a href=\"https:\/\/lesbiopaniersdemareil.org\/index.php\/2018\/09\/21\/imagine-for-margot\/\" class=\"more-link\">Continue reading<span class=\"screen-reader-text\"> &#8220;Imagine for margot&#8221;<\/span><\/a><\/p>\n","protected":false},"author":1,"featured_media":353,"comment_status":"open","ping_status":"open","sticky":false,"template":"","format":"standard","meta":{"spay_email":"","jetpack_publicize_message":"","jetpack_is_tweetstorm":false,"jetpack_publicize_feature_enabled":true},"categories":[63],"tags":[39,40],"jetpack_featured_media_url":"https:\/\/lesbiopaniersdemareil.org\/wp-content\/uploads\/2018\/09\/bandeau-Alvarum-ESC-01.png","jetpack_publicize_connections":[],"jetpack_sharing_enabled":true,"jetpack_shortlink":"https:\/\/wp.me\/pai4cU-5G","_links":{"self":[{"href":"https:\/\/lesbiopaniersdemareil.org\/index.php\/wp-json\/wp\/v2\/posts\/352"}],"collection":[{"href":"https:\/\/lesbiopaniersdemareil.org\/index.php\/wp-json\/wp\/v2\/posts"}],"about":[{"href":"https:\/\/lesbiopaniersdemareil.org\/index.php\/wp-json\/wp\/v2\/types\/post"}],"author":[{"embeddable":true,"href":"https:\/\/lesbiopaniersdemareil.org\/index.php\/wp-json\/wp\/v2\/users\/1"}],"replies":[{"embeddable":true,"href":"https:\/\/lesbiopaniersdemareil.org\/index.php\/wp-json\/wp\/v2\/comments?post=352"}],"version-history":[{"count":1,"href":"https:\/\/lesbiopaniersdemareil.org\/index.php\/wp-json\/wp\/v2\/posts\/352\/revisions"}],"predecessor-version":[{"id":354,"href":"https:\/\/lesbiopaniersdemareil.org\/index.php\/wp-json\/wp\/v2\/posts\/352\/revisions\/354"}],"wp:featuredmedia":[{"embeddable":true,"href":"https:\/\/lesbiopaniersdemareil.org\/index.php\/wp-json\/wp\/v2\/media\/353"}],"wp:attachment":[{"href":"https:\/\/lesbiopaniersdemareil.org\/index.php\/wp-json\/wp\/v2\/media?parent=352"}],"wp:term":[{"taxonomy":"category","embeddable":true,"href":"https:\/\/lesbiopaniersdemareil.org\/index.php\/wp-json\/wp\/v2\/categories?post=352"},{"taxonomy":"post_tag","embeddable":true,"href":"https:\/\/lesbiopaniersdemareil.org\/index.php\/wp-json\/wp\/v2\/tags?post=352"}],"curies":[{"name":"wp","href":"https:\/\/api.w.org\/{rel}","templated":true}]}}