{"id":345,"date":"2018-09-21T07:57:46","date_gmt":"2018-09-21T05:57:46","guid":{"rendered":"http:\/\/lesbiopaniersdemareil.org\/?p=345"},"modified":"2019-11-09T09:10:46","modified_gmt":"2019-11-09T08:10:46","slug":"courir-pour-mathieu","status":"publish","type":"post","link":"https:\/\/lesbiopaniersdemareil.org\/index.php\/2018\/09\/21\/courir-pour-mathieu\/","title":{"rendered":"Courir pour Mathieu"},"content":{"rendered":"<p>Ch\u00e8re association,<\/p>\n<p>Vous connaissez sans doute \u00ab\u00a0Courir pour Mathieu\u00a0\u00bb, notre\u00a0association Mareilloise qui organise tous les ans depuis 2007 une course solidaire pour soutenir la recherche contre les cancers des enfants d\u00e9velopp\u00e9e par l\u2019Institut Curie.\u00a0Les 11 \u00e9ditions de la course nous ont d\u00e9j\u00e0 permis de verser 332 000 euros \u00e0 Curie.<\/p>\n<p>Cette ann\u00e9e, elle se d\u00e9roulera\u00a0<strong>Dimanche 7 octobre.\u00a0<\/strong>Venez quand vous voulez\u00a0\u00e0 partir de 9 h, place de la mairie.<\/p>\n<p><strong><u>Le principe est simple<\/u><\/strong><strong>\u00a0:<\/strong><\/p>\n<p>&#8211; Un parcours d\u2019environ 2 km dans le village \u00e0 parcourir en courant ou en marchant.<\/p>\n<p>&#8211; Les dons collect\u00e9s gr\u00e2ce aux inscriptions (montant libre), \u00e0 la vente de tee-shirts, \u00e0 la restauration et aux sponsors sont enti\u00e8rement revers\u00e9s\u00a0\u00e0 l\u2019Institut Curie.<\/p>\n<p><strong><u>Pouvez-vous en informer vos adh\u00e9rents ?<\/u><\/strong><\/p>\n<p>Je vous joins le flyer et l\u2019affiche de la course.<\/p>\n<p>&#8211; Le flyer r\u00e9pond \u00e0 toutes vos questions sur\u00a0cette\u00a0manifestation de solidarit\u00e9.<\/p>\n<p>&#8211; L\u2019affiche vous permet d\u2019informer vos adh\u00e9rents en la mettant dans votre local ou en leur envoyant par courrier \u00e9lectronique.<\/p>\n<p>&#8211; Si certains souhaitent effectuer un don en ligne, voici le lien\u00a0:\u00a0<a href=\"https:\/\/macollecte.curie.fr\/projects\/courir-pour-curie-a-mareil-marly-2018\">https:\/\/macollecte.curie.fr\/projects\/courir-pour-curie-a-mareil-marly-2018<\/a><\/p>\n<p>-&gt; Sachez que vos adh\u00e9rents peuvent constituer une \u00e9quipe et d\u00e9fendre les couleurs de votre association en participant au challenge des associations !<\/p>\n<p>&nbsp;<\/p>\n<p>N\u2019h\u00e9sitez pas \u00e0 me contacter pour toute information compl\u00e9mentaire.<\/p>\n<p>Ensemble, continuons \u00e0 aider les\u00a0enfants \u00e0 gu\u00e9rir !<\/p>\n<p>Isabelle Quelquejay<\/p>\n<p>06 82 11 56 97<\/p>\n<p><a href=\"http:\/\/www.courirpourmathieu.fr\/\">http:\/\/www.courirpourmathieu.fr<\/a><\/p>\n<p>Facebook : Courir pour Curie \u00e0 Mareil Marly<\/p>\n<p><a href=\"mailto:course@courirpourmathieu.fr\">course@courirpourmathieu.fr<\/a><\/p>\n<p>&nbsp;<\/p>\n<p><a href=\"http:\/\/lesbiopaniersdemareil.org\/wp-content\/uploads\/2018\/09\/afficheA3.pdf\">afficheA3<\/a><\/p>\n<p><a href=\"http:\/\/lesbiopaniersdemareil.org\/wp-content\/uploads\/2018\/09\/flyer.pdf\">flyer<\/a><\/p>\n","protected":false},"excerpt":{"rendered":"<p>Ch\u00e8re association, Vous connaissez sans doute \u00ab\u00a0Courir pour Mathieu\u00a0\u00bb, notre\u00a0association Mareilloise qui organise tous les ans depuis 2007 une course solidaire pour soutenir la recherche contre les cancers des enfants d\u00e9velopp\u00e9e par l\u2019Institut Curie.\u00a0Les 11 \u00e9ditions de la course nous ont d\u00e9j\u00e0 permis de verser 332 000 euros \u00e0 Curie. Cette ann\u00e9e, elle se d\u00e9roulera\u00a0Dimanche &hellip; <\/p>\n<p class=\"link-more\"><a href=\"https:\/\/lesbiopaniersdemareil.org\/index.php\/2018\/09\/21\/courir-pour-mathieu\/\" class=\"more-link\">Continue reading<span class=\"screen-reader-text\"> &#8220;Courir pour Mathieu&#8221;<\/span><\/a><\/p>\n","protected":false},"author":1,"featured_media":346,"comment_status":"open","ping_status":"open","sticky":false,"template":"","format":"standard","meta":{"spay_email":"","jetpack_publicize_message":"","jetpack_is_tweetstorm":false,"jetpack_publicize_feature_enabled":true},"categories":[63],"tags":[],"jetpack_featured_media_url":"https:\/\/lesbiopaniersdemareil.org\/wp-content\/uploads\/2018\/09\/IMG_8267-mod.jpeg","jetpack_publicize_connections":[],"jetpack_sharing_enabled":true,"jetpack_shortlink":"https:\/\/wp.me\/pai4cU-5z","_links":{"self":[{"href":"https:\/\/lesbiopaniersdemareil.org\/index.php\/wp-json\/wp\/v2\/posts\/345"}],"collection":[{"href":"https:\/\/lesbiopaniersdemareil.org\/index.php\/wp-json\/wp\/v2\/posts"}],"about":[{"href":"https:\/\/lesbiopaniersdemareil.org\/index.php\/wp-json\/wp\/v2\/types\/post"}],"author":[{"embeddable":true,"href":"https:\/\/lesbiopaniersdemareil.org\/index.php\/wp-json\/wp\/v2\/users\/1"}],"replies":[{"embeddable":true,"href":"https:\/\/lesbiopaniersdemareil.org\/index.php\/wp-json\/wp\/v2\/comments?post=345"}],"version-history":[{"count":2,"href":"https:\/\/lesbiopaniersdemareil.org\/index.php\/wp-json\/wp\/v2\/posts\/345\/revisions"}],"predecessor-version":[{"id":351,"href":"https:\/\/lesbiopaniersdemareil.org\/index.php\/wp-json\/wp\/v2\/posts\/345\/revisions\/351"}],"wp:featuredmedia":[{"embeddable":true,"href":"https:\/\/lesbiopaniersdemareil.org\/index.php\/wp-json\/wp\/v2\/media\/346"}],"wp:attachment":[{"href":"https:\/\/lesbiopaniersdemareil.org\/index.php\/wp-json\/wp\/v2\/media?parent=345"}],"wp:term":[{"taxonomy":"category","embeddable":true,"href":"https:\/\/lesbiopaniersdemareil.org\/index.php\/wp-json\/wp\/v2\/categories?post=345"},{"taxonomy":"post_tag","embeddable":true,"href":"https:\/\/lesbiopaniersdemareil.org\/index.php\/wp-json\/wp\/v2\/tags?post=345"}],"curies":[{"name":"wp","href":"https:\/\/api.w.org\/{rel}","templated":true}]}}