{"id":2455,"date":"2025-01-15T12:18:02","date_gmt":"2025-01-15T11:18:02","guid":{"rendered":"http:\/\/lesbiopaniersdemareil.org\/?p=2455"},"modified":"2025-01-15T12:18:16","modified_gmt":"2025-01-15T11:18:16","slug":"reprise-des-distributions-le-8-janvier-2025","status":"publish","type":"post","link":"https:\/\/lesbiopaniersdemareil.org\/index.php\/2025\/01\/15\/reprise-des-distributions-le-8-janvier-2025\/","title":{"rendered":"Reprise des distributions le 8 janvier 2025"},"content":{"rendered":"\n<p>Bonjour \u00e0 tous,<\/p>\n\n\n\n<p>L&#8217;amap repris ses distributions pour ses adh\u00e9rents, apr\u00e8s les 2 semaine d&#8217;interruption des f\u00eates de fin d&#8217;ann\u00e9e.<\/p>\n\n\n\n<p>Toute l&#8217;\u00e9quipe de l&#8217;Amap Les Biopaniers de Mareil vous souhaite une tr\u00e8s belle, douce et heureuse ann\u00e9e 2025 avec de bons produits bio \u00e0 d\u00e9guster.<\/p>\n\n\n\n<p><\/p>\n\n\n\n<p>Ce mercredi 8 janvier il y a distribution des paniers de l\u00e9gumes, les pommes-poires, les oeufs et le poulet.<\/p>\n\n\n\n<p><strong>Le PETIT panier comprend :<\/strong><\/p>\n\n\n\n<div class=\"wp-block-group\"><div class=\"wp-block-group__inner-container\">\n<ul><li>1 butternut<\/li><li>200 g de mesclun<\/li><li>1 pourpier<\/li><li>1 rutabaga<\/li><li>400 gr de chou kal\u00e9<\/li><li>1 kg de pommes de terre<\/li><\/ul>\n<\/div><\/div>\n\n\n\n<p id=\"block-3212938e-78c4-4b69-ba83-83949e9889d4\"><strong>Le panier MOYEN comprend :<\/strong><\/p>\n\n\n\n<div class=\"wp-block-group\"><div class=\"wp-block-group__inner-container\">\n<ul id=\"block-620b344d-f72c-4485-b3a7-46f23eb0c7e8\"><li>1 butternut<\/li><li>200 g de mesclun<\/li><li>1 pourpier<\/li><li>1 rutabaga<\/li><li>400 gr de chou kal\u00e9<\/li><li>2 kg de pommes de terre<\/li><li>500 gr de betteraves cuites<\/li><\/ul>\n<\/div><\/div>\n\n\n\n<p>Bonne distribution<\/p>\n","protected":false},"excerpt":{"rendered":"<p>Bonjour \u00e0 tous, L&#8217;amap repris ses distributions pour ses adh\u00e9rents, apr\u00e8s les 2 semaine d&#8217;interruption des f\u00eates de fin d&#8217;ann\u00e9e. Toute l&#8217;\u00e9quipe de l&#8217;Amap Les Biopaniers de Mareil vous souhaite une tr\u00e8s belle, douce et heureuse ann\u00e9e 2025 avec de bons produits bio \u00e0 d\u00e9guster. Ce mercredi 8 janvier il y a distribution des paniers &hellip; <\/p>\n<p class=\"link-more\"><a href=\"https:\/\/lesbiopaniersdemareil.org\/index.php\/2025\/01\/15\/reprise-des-distributions-le-8-janvier-2025\/\" class=\"more-link\">Continue reading<span class=\"screen-reader-text\"> &#8220;Reprise des distributions le 8 janvier 2025&#8221;<\/span><\/a><\/p>\n","protected":false},"author":25,"featured_media":0,"comment_status":"open","ping_status":"open","sticky":false,"template":"","format":"standard","meta":{"spay_email":"","jetpack_publicize_message":"","jetpack_is_tweetstorm":false,"jetpack_publicize_feature_enabled":true},"categories":[44],"tags":[],"jetpack_featured_media_url":"","jetpack_publicize_connections":[],"jetpack_sharing_enabled":true,"jetpack_shortlink":"https:\/\/wp.me\/pai4cU-DB","_links":{"self":[{"href":"https:\/\/lesbiopaniersdemareil.org\/index.php\/wp-json\/wp\/v2\/posts\/2455"}],"collection":[{"href":"https:\/\/lesbiopaniersdemareil.org\/index.php\/wp-json\/wp\/v2\/posts"}],"about":[{"href":"https:\/\/lesbiopaniersdemareil.org\/index.php\/wp-json\/wp\/v2\/types\/post"}],"author":[{"embeddable":true,"href":"https:\/\/lesbiopaniersdemareil.org\/index.php\/wp-json\/wp\/v2\/users\/25"}],"replies":[{"embeddable":true,"href":"https:\/\/lesbiopaniersdemareil.org\/index.php\/wp-json\/wp\/v2\/comments?post=2455"}],"version-history":[{"count":1,"href":"https:\/\/lesbiopaniersdemareil.org\/index.php\/wp-json\/wp\/v2\/posts\/2455\/revisions"}],"predecessor-version":[{"id":2456,"href":"https:\/\/lesbiopaniersdemareil.org\/index.php\/wp-json\/wp\/v2\/posts\/2455\/revisions\/2456"}],"wp:attachment":[{"href":"https:\/\/lesbiopaniersdemareil.org\/index.php\/wp-json\/wp\/v2\/media?parent=2455"}],"wp:term":[{"taxonomy":"category","embeddable":true,"href":"https:\/\/lesbiopaniersdemareil.org\/index.php\/wp-json\/wp\/v2\/categories?post=2455"},{"taxonomy":"post_tag","embeddable":true,"href":"https:\/\/lesbiopaniersdemareil.org\/index.php\/wp-json\/wp\/v2\/tags?post=2455"}],"curies":[{"name":"wp","href":"https:\/\/api.w.org\/{rel}","templated":true}]}}