{"id":2450,"date":"2024-11-30T09:56:39","date_gmt":"2024-11-30T08:56:39","guid":{"rendered":"http:\/\/lesbiopaniersdemareil.org\/?p=2450"},"modified":"2024-11-30T09:57:28","modified_gmt":"2024-11-30T08:57:28","slug":"venez-rejoindre-lamap-de-mareil-les-biopaniers-de-mareil-il-y-a-encore-des-places-disponibles-pour-les-paniers-de-bon-legumes-bio-et-plein-dautres-produits","status":"publish","type":"post","link":"https:\/\/lesbiopaniersdemareil.org\/index.php\/2024\/11\/30\/venez-rejoindre-lamap-de-mareil-les-biopaniers-de-mareil-il-y-a-encore-des-places-disponibles-pour-les-paniers-de-bon-legumes-bio-et-plein-dautres-produits\/","title":{"rendered":"Venez rejoindre l&#8217;Amap de Mareil, Les Biopaniers de Mareil. Il y a encore des places disponibles pour les paniers de bon l\u00e9gumes bio, et plein d&#8217;autres produits."},"content":{"rendered":"\n<p>Nous vous proposons de nous rejoindre \u00e0 l&#8217;Amap pour b\u00e9n\u00e9ficier d&#8217;excellents produits bio, des l\u00e9gumes, \u00e0 l&#8217;huile d&#8217;olive, l&#8217;agneau, le porc, le boeuf, l&#8217;huile de colza, les lentilles&#8230; Et les excellents fruits rouges en \u00e9t\u00e9.<\/p>\n\n\n\n<p>Pour les autres produits, tels que les champignons, les oeufs&#8230; nous pourrons \u00e9tudier les possibilit\u00e9s.<\/p>\n\n\n\n<p>Pour en savoir plus et adh\u00e9rer, nous contacter par email \u00e0 l&#8217;adresse  amapbiomareil@gmail.com.<\/p>\n\n\n\n<p>Vous pouvez nous contacter aussi au 06 85 06 18 49 (Eric Delaneau, r\u00e9f\u00e9rents producteurs l\u00e9gumes) ou au 06 89 44 73 85 (Fr\u00e9d\u00e9rique Texier, pr\u00e9sidente).<\/p>\n\n\n\n<figure class=\"wp-block-image size-large\"><img loading=\"lazy\" width=\"1024\" height=\"771\" src=\"http:\/\/lesbiopaniersdemareil.org\/wp-content\/uploads\/2024\/11\/Screenshot_20221208-114850_Messages-1024x771.jpg\" alt=\"\" class=\"wp-image-2451\" srcset=\"https:\/\/lesbiopaniersdemareil.org\/wp-content\/uploads\/2024\/11\/Screenshot_20221208-114850_Messages-1024x771.jpg 1024w, https:\/\/lesbiopaniersdemareil.org\/wp-content\/uploads\/2024\/11\/Screenshot_20221208-114850_Messages-300x226.jpg 300w, https:\/\/lesbiopaniersdemareil.org\/wp-content\/uploads\/2024\/11\/Screenshot_20221208-114850_Messages-768x578.jpg 768w, https:\/\/lesbiopaniersdemareil.org\/wp-content\/uploads\/2024\/11\/Screenshot_20221208-114850_Messages.jpg 1076w\" sizes=\"(max-width: 767px) 89vw, (max-width: 1000px) 54vw, (max-width: 1071px) 543px, 580px\" \/><\/figure>\n\n\n\n<p><\/p>\n","protected":false},"excerpt":{"rendered":"<p>Nous vous proposons de nous rejoindre \u00e0 l&#8217;Amap pour b\u00e9n\u00e9ficier d&#8217;excellents produits bio, des l\u00e9gumes, \u00e0 l&#8217;huile d&#8217;olive, l&#8217;agneau, le porc, le boeuf, l&#8217;huile de colza, les lentilles&#8230; Et les excellents fruits rouges en \u00e9t\u00e9. Pour les autres produits, tels que les champignons, les oeufs&#8230; nous pourrons \u00e9tudier les possibilit\u00e9s. Pour en savoir plus et &hellip; <\/p>\n<p class=\"link-more\"><a href=\"https:\/\/lesbiopaniersdemareil.org\/index.php\/2024\/11\/30\/venez-rejoindre-lamap-de-mareil-les-biopaniers-de-mareil-il-y-a-encore-des-places-disponibles-pour-les-paniers-de-bon-legumes-bio-et-plein-dautres-produits\/\" class=\"more-link\">Continue reading<span class=\"screen-reader-text\"> &#8220;Venez rejoindre l&#8217;Amap de Mareil, Les Biopaniers de Mareil. Il y a encore des places disponibles pour les paniers de bon l\u00e9gumes bio, et plein d&#8217;autres produits.&#8221;<\/span><\/a><\/p>\n","protected":false},"author":25,"featured_media":0,"comment_status":"open","ping_status":"open","sticky":false,"template":"","format":"standard","meta":{"spay_email":"","jetpack_publicize_message":"","jetpack_is_tweetstorm":false,"jetpack_publicize_feature_enabled":true},"categories":[1],"tags":[],"jetpack_featured_media_url":"","jetpack_publicize_connections":[],"jetpack_sharing_enabled":true,"jetpack_shortlink":"https:\/\/wp.me\/pai4cU-Dw","_links":{"self":[{"href":"https:\/\/lesbiopaniersdemareil.org\/index.php\/wp-json\/wp\/v2\/posts\/2450"}],"collection":[{"href":"https:\/\/lesbiopaniersdemareil.org\/index.php\/wp-json\/wp\/v2\/posts"}],"about":[{"href":"https:\/\/lesbiopaniersdemareil.org\/index.php\/wp-json\/wp\/v2\/types\/post"}],"author":[{"embeddable":true,"href":"https:\/\/lesbiopaniersdemareil.org\/index.php\/wp-json\/wp\/v2\/users\/25"}],"replies":[{"embeddable":true,"href":"https:\/\/lesbiopaniersdemareil.org\/index.php\/wp-json\/wp\/v2\/comments?post=2450"}],"version-history":[{"count":2,"href":"https:\/\/lesbiopaniersdemareil.org\/index.php\/wp-json\/wp\/v2\/posts\/2450\/revisions"}],"predecessor-version":[{"id":2453,"href":"https:\/\/lesbiopaniersdemareil.org\/index.php\/wp-json\/wp\/v2\/posts\/2450\/revisions\/2453"}],"wp:attachment":[{"href":"https:\/\/lesbiopaniersdemareil.org\/index.php\/wp-json\/wp\/v2\/media?parent=2450"}],"wp:term":[{"taxonomy":"category","embeddable":true,"href":"https:\/\/lesbiopaniersdemareil.org\/index.php\/wp-json\/wp\/v2\/categories?post=2450"},{"taxonomy":"post_tag","embeddable":true,"href":"https:\/\/lesbiopaniersdemareil.org\/index.php\/wp-json\/wp\/v2\/tags?post=2450"}],"curies":[{"name":"wp","href":"https:\/\/api.w.org\/{rel}","templated":true}]}}