{"id":2421,"date":"2024-10-22T22:21:28","date_gmt":"2024-10-22T20:21:28","guid":{"rendered":"http:\/\/lesbiopaniersdemareil.org\/?p=2421"},"modified":"2024-10-22T22:21:43","modified_gmt":"2024-10-22T20:21:43","slug":"recette-crumble-sale-aux-tomates","status":"publish","type":"post","link":"https:\/\/lesbiopaniersdemareil.org\/index.php\/2024\/10\/22\/recette-crumble-sale-aux-tomates\/","title":{"rendered":"Recette : Crumble sal\u00e9 aux tomates"},"content":{"rendered":"\n<p><strong>Ingr\u00e9dients :<\/strong><\/p>\n\n\n\n<div class=\"wp-block-group\"><div class=\"wp-block-group__inner-container\">\n<ul><li>8 tomates \u00e0 chair<\/li><li>100 gr de parmesan<\/li><li>1 pot de feta (ou un ch\u00e8vre frais)<\/li><li>100 gr de farine<\/li><li>80 gr de beurre<\/li><li>Quelques feuilles de basilic (facultatif)<\/li><li>1 gousse d\u2019ail<\/li><li>Sel et poivre<\/li><\/ul>\n\n\n\n<p><strong>Pr\u00e9paration :<\/strong><\/p>\n\n\n\n<ul><li>\u00c9plucher l&#8217;ail et frotter le fond d\u2019un plat \u00e0 gratin ; <\/li><li>\u00e9mincer le reste<\/li><li>M\u00e9langez le beurre, la farine et le parmesan dans un saladier \u00e0 part, jusqu\u2019\u00e0 obtenir un m\u00e9lange sableux.<\/li><li>Mettre les tomates dans le plat \u00e0 gratin aill\u00e9, ajouter le reste d\u2019ail, saler, poivrer et ciseler le basilic.<\/li><li>M\u00e9langer.<\/li><li>\u00c9goutter la feta (ou le ch\u00e8vre en morceaux), ajouter aux tomates et m\u00e9langer.<\/li><li>\u00c9mietter le crumble au parmesan sur les tomates et enfournez 30 min dans un four pr\u00e9alablement chauff\u00e9 \u00e0 180\u00b0C.<\/li><li>Servir chaud mais non br\u00fblant.<\/li><\/ul>\n<\/div><\/div>\n","protected":false},"excerpt":{"rendered":"<p>Ingr\u00e9dients :<\/p>\n","protected":false},"author":25,"featured_media":0,"comment_status":"open","ping_status":"open","sticky":false,"template":"","format":"standard","meta":{"spay_email":"","jetpack_publicize_message":"","jetpack_is_tweetstorm":false,"jetpack_publicize_feature_enabled":true},"categories":[4],"tags":[],"jetpack_featured_media_url":"","jetpack_publicize_connections":[],"jetpack_sharing_enabled":true,"jetpack_shortlink":"https:\/\/wp.me\/pai4cU-D3","_links":{"self":[{"href":"https:\/\/lesbiopaniersdemareil.org\/index.php\/wp-json\/wp\/v2\/posts\/2421"}],"collection":[{"href":"https:\/\/lesbiopaniersdemareil.org\/index.php\/wp-json\/wp\/v2\/posts"}],"about":[{"href":"https:\/\/lesbiopaniersdemareil.org\/index.php\/wp-json\/wp\/v2\/types\/post"}],"author":[{"embeddable":true,"href":"https:\/\/lesbiopaniersdemareil.org\/index.php\/wp-json\/wp\/v2\/users\/25"}],"replies":[{"embeddable":true,"href":"https:\/\/lesbiopaniersdemareil.org\/index.php\/wp-json\/wp\/v2\/comments?post=2421"}],"version-history":[{"count":1,"href":"https:\/\/lesbiopaniersdemareil.org\/index.php\/wp-json\/wp\/v2\/posts\/2421\/revisions"}],"predecessor-version":[{"id":2422,"href":"https:\/\/lesbiopaniersdemareil.org\/index.php\/wp-json\/wp\/v2\/posts\/2421\/revisions\/2422"}],"wp:attachment":[{"href":"https:\/\/lesbiopaniersdemareil.org\/index.php\/wp-json\/wp\/v2\/media?parent=2421"}],"wp:term":[{"taxonomy":"category","embeddable":true,"href":"https:\/\/lesbiopaniersdemareil.org\/index.php\/wp-json\/wp\/v2\/categories?post=2421"},{"taxonomy":"post_tag","embeddable":true,"href":"https:\/\/lesbiopaniersdemareil.org\/index.php\/wp-json\/wp\/v2\/tags?post=2421"}],"curies":[{"name":"wp","href":"https:\/\/api.w.org\/{rel}","templated":true}]}}