{"id":2409,"date":"2024-09-25T17:46:17","date_gmt":"2024-09-25T15:46:17","guid":{"rendered":"http:\/\/lesbiopaniersdemareil.org\/?p=2409"},"modified":"2024-09-25T17:46:44","modified_gmt":"2024-09-25T15:46:44","slug":"distribution-du-25-septembre-2024-et-reinscription-pour-lannee-2024-2025","status":"publish","type":"post","link":"https:\/\/lesbiopaniersdemareil.org\/index.php\/2024\/09\/25\/distribution-du-25-septembre-2024-et-reinscription-pour-lannee-2024-2025\/","title":{"rendered":"Distribution du 25 septembre 2024 \u2013 Et r\u00e9inscription pour l\u2019ann\u00e9e 2024-2025"},"content":{"rendered":"\n<p>Ce mercredi, 2\u00e8me jour d&#8217;inscription-r\u00e9inscription \u00e0 l&#8217;AMAP pour l&#8217;ann\u00e9e 2024-2025<\/p>\n\n\n\n<p>Il y a distribution des paniers de l\u00e9gumes et des oeufs.<\/p>\n\n\n\n<p><strong>Le PETIT panier comprend :<\/strong><\/p>\n\n\n\n<div class=\"wp-block-group\"><div class=\"wp-block-group__inner-container\">\n<ul><li>600 gr de carottes en vrac<\/li><li>150 gr de mesclun<\/li><li>1 cresson<\/li><li>1 botte de persil<\/li><li>600 gr de tomates<\/li><li>1 concombre<\/li><li>2 aubergines<\/li><\/ul>\n<\/div><\/div>\n\n\n\n<p><strong>Le panier MOYEN comprend :<\/strong><\/p>\n\n\n\n<div class=\"wp-block-group\"><div class=\"wp-block-group__inner-container\">\n<ul><li>600 gr de carottes en vrac<\/li><li>200 gr de mesclun<\/li><li>1 cresson<\/li><li>1 botte de persil<\/li><li>1 kg de tomates<\/li><li>1 concombre<\/li><li>2 aubergines<\/li><li>3 poivrons<\/li><\/ul>\n\n\n\n<p>Bonne inscription et bonne distribution<\/p>\n<\/div><\/div>\n","protected":false},"excerpt":{"rendered":"<p>Ce mercredi, 2\u00e8me jour d&#8217;inscription-r\u00e9inscription \u00e0 l&#8217;AMAP pour l&#8217;ann\u00e9e 2024-2025 Il y a distribution des paniers de l\u00e9gumes et des oeufs. Le PETIT panier comprend : Le panier MOYEN comprend :<\/p>\n","protected":false},"author":25,"featured_media":0,"comment_status":"open","ping_status":"open","sticky":false,"template":"","format":"standard","meta":{"spay_email":"","jetpack_publicize_message":"","jetpack_is_tweetstorm":false,"jetpack_publicize_feature_enabled":true},"categories":[44],"tags":[],"jetpack_featured_media_url":"","jetpack_publicize_connections":[],"jetpack_sharing_enabled":true,"jetpack_shortlink":"https:\/\/wp.me\/pai4cU-CR","_links":{"self":[{"href":"https:\/\/lesbiopaniersdemareil.org\/index.php\/wp-json\/wp\/v2\/posts\/2409"}],"collection":[{"href":"https:\/\/lesbiopaniersdemareil.org\/index.php\/wp-json\/wp\/v2\/posts"}],"about":[{"href":"https:\/\/lesbiopaniersdemareil.org\/index.php\/wp-json\/wp\/v2\/types\/post"}],"author":[{"embeddable":true,"href":"https:\/\/lesbiopaniersdemareil.org\/index.php\/wp-json\/wp\/v2\/users\/25"}],"replies":[{"embeddable":true,"href":"https:\/\/lesbiopaniersdemareil.org\/index.php\/wp-json\/wp\/v2\/comments?post=2409"}],"version-history":[{"count":1,"href":"https:\/\/lesbiopaniersdemareil.org\/index.php\/wp-json\/wp\/v2\/posts\/2409\/revisions"}],"predecessor-version":[{"id":2410,"href":"https:\/\/lesbiopaniersdemareil.org\/index.php\/wp-json\/wp\/v2\/posts\/2409\/revisions\/2410"}],"wp:attachment":[{"href":"https:\/\/lesbiopaniersdemareil.org\/index.php\/wp-json\/wp\/v2\/media?parent=2409"}],"wp:term":[{"taxonomy":"category","embeddable":true,"href":"https:\/\/lesbiopaniersdemareil.org\/index.php\/wp-json\/wp\/v2\/categories?post=2409"},{"taxonomy":"post_tag","embeddable":true,"href":"https:\/\/lesbiopaniersdemareil.org\/index.php\/wp-json\/wp\/v2\/tags?post=2409"}],"curies":[{"name":"wp","href":"https:\/\/api.w.org\/{rel}","templated":true}]}}