{"id":2393,"date":"2024-08-23T13:08:43","date_gmt":"2024-08-23T11:08:43","guid":{"rendered":"http:\/\/lesbiopaniersdemareil.org\/?p=2393"},"modified":"2024-08-23T13:16:27","modified_gmt":"2024-08-23T11:16:27","slug":"interruption-des-distributions-de-legumes-durant-lete","status":"publish","type":"post","link":"https:\/\/lesbiopaniersdemareil.org\/index.php\/2024\/08\/23\/interruption-des-distributions-de-legumes-durant-lete\/","title":{"rendered":"Interruption des distributions de l\u00e9gumes durant l&#8217;\u00e9t\u00e9"},"content":{"rendered":"\n<p>La distribution des l\u00e9gumes s&#8217;interrompe durant 2 semaines. <strong>Pas de distribution les mercredi 7 et 14 ao\u00fbt 2024<\/strong>.<\/p>\n\n\n\n<p>Le 14 ao\u00fbt; il n&#8217;y aura que la distribution de fromages et laitages de ch\u00e8vres.<\/p>\n","protected":false},"excerpt":{"rendered":"<p>La distribution des l\u00e9gumes s&#8217;interrompe durant 2 semaines. Pas de distribution les mercredi 7 et 14 ao\u00fbt 2024. Le 14 ao\u00fbt; il n&#8217;y aura que la distribution de fromages et laitages de ch\u00e8vres.<\/p>\n","protected":false},"author":25,"featured_media":0,"comment_status":"open","ping_status":"open","sticky":false,"template":"","format":"standard","meta":{"spay_email":"","jetpack_publicize_message":"","jetpack_is_tweetstorm":false,"jetpack_publicize_feature_enabled":true},"categories":[44],"tags":[],"jetpack_featured_media_url":"","jetpack_publicize_connections":[],"jetpack_sharing_enabled":true,"jetpack_shortlink":"https:\/\/wp.me\/pai4cU-CB","_links":{"self":[{"href":"https:\/\/lesbiopaniersdemareil.org\/index.php\/wp-json\/wp\/v2\/posts\/2393"}],"collection":[{"href":"https:\/\/lesbiopaniersdemareil.org\/index.php\/wp-json\/wp\/v2\/posts"}],"about":[{"href":"https:\/\/lesbiopaniersdemareil.org\/index.php\/wp-json\/wp\/v2\/types\/post"}],"author":[{"embeddable":true,"href":"https:\/\/lesbiopaniersdemareil.org\/index.php\/wp-json\/wp\/v2\/users\/25"}],"replies":[{"embeddable":true,"href":"https:\/\/lesbiopaniersdemareil.org\/index.php\/wp-json\/wp\/v2\/comments?post=2393"}],"version-history":[{"count":1,"href":"https:\/\/lesbiopaniersdemareil.org\/index.php\/wp-json\/wp\/v2\/posts\/2393\/revisions"}],"predecessor-version":[{"id":2394,"href":"https:\/\/lesbiopaniersdemareil.org\/index.php\/wp-json\/wp\/v2\/posts\/2393\/revisions\/2394"}],"wp:attachment":[{"href":"https:\/\/lesbiopaniersdemareil.org\/index.php\/wp-json\/wp\/v2\/media?parent=2393"}],"wp:term":[{"taxonomy":"category","embeddable":true,"href":"https:\/\/lesbiopaniersdemareil.org\/index.php\/wp-json\/wp\/v2\/categories?post=2393"},{"taxonomy":"post_tag","embeddable":true,"href":"https:\/\/lesbiopaniersdemareil.org\/index.php\/wp-json\/wp\/v2\/tags?post=2393"}],"curies":[{"name":"wp","href":"https:\/\/api.w.org\/{rel}","templated":true}]}}