{"id":2378,"date":"2024-06-27T21:22:31","date_gmt":"2024-06-27T19:22:31","guid":{"rendered":"http:\/\/lesbiopaniersdemareil.org\/?p=2378"},"modified":"2024-06-27T21:40:50","modified_gmt":"2024-06-27T19:40:50","slug":"distribution-du-mercredi-29-mai","status":"publish","type":"post","link":"https:\/\/lesbiopaniersdemareil.org\/index.php\/2024\/06\/27\/distribution-du-mercredi-29-mai\/","title":{"rendered":"Distribution du mercredi 29 mai"},"content":{"rendered":"\n<p>Ce mercredi, d\u00e9but de la livraison des fruits rouges.<\/p>\n\n\n\n<p>&#8220;Les temp\u00e9ratures fraiches de ces derni\u00e8res semaines ne nous permettent pas de r\u00e9colter les quantit\u00e9s suffisantes de courgettes cette semaine et nous ne pouvons donc pas en mettre dans tous les paniers. Globalement, nos cultures sont un peu au ralenti, par manque de chaleur !  Le soleil devrait revenir, donc patience, votre panier sera de plus en plus estival&#8221;  Thibault.<\/p>\n\n\n\n<p><strong>Le PETIT panier comprend <\/strong>:<\/p>\n\n\n\n<div class=\"wp-block-group\"><div class=\"wp-block-group__inner-container\">\n<ul><li>1 salade<\/li><li>1 botte d&#8217;oignons cebette<\/li><li>1 botte de carottes nouvelles<\/li><li>1 botte de betteraves<\/li><li>500 gr de pommes de terre nouvelles<\/li><\/ul>\n<\/div><\/div>\n\n\n\n<p id=\"block-b7668d1f-7861-4e66-9e51-f58267fd099d\"><strong>Le panier MOYEN comprend <\/strong>:<\/p>\n\n\n\n<div class=\"wp-block-group\"><div class=\"wp-block-group__inner-container\">\n<ul id=\"block-5a97b1dd-cd3f-4223-b81f-1dfa2c6a2bce\"><li>1 salade<\/li><li>1 botte d&#8217;oignons cebette<\/li><li>1 botte de carottes nouvelles<\/li><li>800 gr de blettes<\/li><li>1 botte de betteraves<\/li><li>1 kg de courgettes<\/li><li>500 gr de pommes de terre nouvelles<\/li><\/ul>\n<\/div><\/div>\n\n\n\n<p>Bonne distribution.<\/p>\n","protected":false},"excerpt":{"rendered":"<p>Ce mercredi, d\u00e9but de la livraison des fruits rouges. &#8220;Les temp\u00e9ratures fraiches de ces derni\u00e8res semaines ne nous permettent pas de r\u00e9colter les quantit\u00e9s suffisantes de courgettes cette semaine et nous ne pouvons donc pas en mettre dans tous les paniers. Globalement, nos cultures sont un peu au ralenti, par manque de chaleur ! Le &hellip; <\/p>\n<p class=\"link-more\"><a href=\"https:\/\/lesbiopaniersdemareil.org\/index.php\/2024\/06\/27\/distribution-du-mercredi-29-mai\/\" class=\"more-link\">Continue reading<span class=\"screen-reader-text\"> &#8220;Distribution du mercredi 29 mai&#8221;<\/span><\/a><\/p>\n","protected":false},"author":25,"featured_media":0,"comment_status":"open","ping_status":"open","sticky":false,"template":"","format":"standard","meta":{"spay_email":"","jetpack_publicize_message":"","jetpack_is_tweetstorm":false,"jetpack_publicize_feature_enabled":true},"categories":[44],"tags":[],"jetpack_featured_media_url":"","jetpack_publicize_connections":[],"jetpack_sharing_enabled":true,"jetpack_shortlink":"https:\/\/wp.me\/pai4cU-Cm","_links":{"self":[{"href":"https:\/\/lesbiopaniersdemareil.org\/index.php\/wp-json\/wp\/v2\/posts\/2378"}],"collection":[{"href":"https:\/\/lesbiopaniersdemareil.org\/index.php\/wp-json\/wp\/v2\/posts"}],"about":[{"href":"https:\/\/lesbiopaniersdemareil.org\/index.php\/wp-json\/wp\/v2\/types\/post"}],"author":[{"embeddable":true,"href":"https:\/\/lesbiopaniersdemareil.org\/index.php\/wp-json\/wp\/v2\/users\/25"}],"replies":[{"embeddable":true,"href":"https:\/\/lesbiopaniersdemareil.org\/index.php\/wp-json\/wp\/v2\/comments?post=2378"}],"version-history":[{"count":3,"href":"https:\/\/lesbiopaniersdemareil.org\/index.php\/wp-json\/wp\/v2\/posts\/2378\/revisions"}],"predecessor-version":[{"id":2387,"href":"https:\/\/lesbiopaniersdemareil.org\/index.php\/wp-json\/wp\/v2\/posts\/2378\/revisions\/2387"}],"wp:attachment":[{"href":"https:\/\/lesbiopaniersdemareil.org\/index.php\/wp-json\/wp\/v2\/media?parent=2378"}],"wp:term":[{"taxonomy":"category","embeddable":true,"href":"https:\/\/lesbiopaniersdemareil.org\/index.php\/wp-json\/wp\/v2\/categories?post=2378"},{"taxonomy":"post_tag","embeddable":true,"href":"https:\/\/lesbiopaniersdemareil.org\/index.php\/wp-json\/wp\/v2\/tags?post=2378"}],"curies":[{"name":"wp","href":"https:\/\/api.w.org\/{rel}","templated":true}]}}