{"id":2372,"date":"2024-05-25T12:06:32","date_gmt":"2024-05-25T10:06:32","guid":{"rendered":"http:\/\/lesbiopaniersdemareil.org\/?p=2372"},"modified":"2024-05-25T12:06:46","modified_gmt":"2024-05-25T10:06:46","slug":"recette-pommes-de-terre-nouvelles-ecrasees-au-parmesan","status":"publish","type":"post","link":"https:\/\/lesbiopaniersdemareil.org\/index.php\/2024\/05\/25\/recette-pommes-de-terre-nouvelles-ecrasees-au-parmesan\/","title":{"rendered":"Recette :  Pommes de terre nouvelles \u00e9cras\u00e9es au parmesan"},"content":{"rendered":"\n<figure class=\"wp-block-image size-large\"><img loading=\"lazy\" width=\"512\" height=\"288\" src=\"http:\/\/lesbiopaniersdemareil.org\/wp-content\/uploads\/2024\/05\/4fdcaa45ce24908550e275d7756aedef.jpg\" alt=\"\" class=\"wp-image-2373\" srcset=\"https:\/\/lesbiopaniersdemareil.org\/wp-content\/uploads\/2024\/05\/4fdcaa45ce24908550e275d7756aedef.jpg 512w, https:\/\/lesbiopaniersdemareil.org\/wp-content\/uploads\/2024\/05\/4fdcaa45ce24908550e275d7756aedef-300x169.jpg 300w\" sizes=\"(max-width: 512px) 100vw, 512px\" \/><\/figure>\n\n\n\n<p><strong>Ingr\u00e9dients  (par personne) :<\/strong><\/p>\n\n\n\n<div class=\"wp-block-group\"><div class=\"wp-block-group__inner-container\">\n<ul><li>2 ou 3 pommes de terre nouvelles taille moyenne<\/li><li>1 cs huile d\u2019olive (ou autre cuisson)<\/li><li>1 cs parmesan r\u00e2p\u00e9<\/li><li>thym<\/li><li>1\/2 gousse d\u2019ail<\/li><li>1 pinc\u00e9e de paprika\/personne + piment Espelette selon go\u00fbt<br>sel, poivre<\/li><\/ul>\n<\/div><\/div>\n\n\n\n<p><strong>Pr\u00e9paration :<\/strong><\/p>\n\n\n\n<div class=\"wp-block-group\"><div class=\"wp-block-group__inner-container\">\n<ul><li>Pr\u00e9chauffer le four \u00e0 220\u00b0c. <\/li><li>Pr\u00e9parer une plaque de cuisson recouverte de papier sulfuris\u00e9. <\/li><li>Laver et cuire les pdt enti\u00e8res (id\u00e9alement de la m\u00eame taille). <\/li><li>Quand elles sont cuites (test lame couteau) \u00e9goutter et d\u00e9poser sur la plaque de<br>cuisson. <\/li><li>Ecraser grossi\u00e8rement les pdt avec le cul d\u2019un gros verre type<br>verre \u00e0 moutarde.<\/li><li>Pr\u00e9parer la sauce avec l\u2019huile, le thym, l\u2019ail et le paprika\/piment Espelette,<br>sel, poivre. <\/li><li>Badigeonner les pdt, parsemer de parmesan. Enfourner 15-30<br>mn selon le croustillant souhait\u00e9.<\/li><li>Id\u00e9e : A d\u00e9guster tr\u00e8s chaud et croustillant avec un tzatziki bien cr\u00e9meux et<br>bien frais.<\/li><li>Variante : Ajouter des \u00e9pices au m\u00e9lange d\u2019huile \u2192 curry, korma, ras-elhanout,<br>tex-mex, etc.<\/li><\/ul>\n<\/div><\/div>\n\n\n\n<p>Bonne d\u00e9gustation.<\/p>\n","protected":false},"excerpt":{"rendered":"<p>Ingr\u00e9dients (par personne) : Pr\u00e9paration : Bonne d\u00e9gustation.<\/p>\n","protected":false},"author":25,"featured_media":0,"comment_status":"open","ping_status":"open","sticky":false,"template":"","format":"standard","meta":{"spay_email":"","jetpack_publicize_message":"","jetpack_is_tweetstorm":false,"jetpack_publicize_feature_enabled":true},"categories":[4],"tags":[],"jetpack_featured_media_url":"","jetpack_publicize_connections":[],"jetpack_sharing_enabled":true,"jetpack_shortlink":"https:\/\/wp.me\/pai4cU-Cg","_links":{"self":[{"href":"https:\/\/lesbiopaniersdemareil.org\/index.php\/wp-json\/wp\/v2\/posts\/2372"}],"collection":[{"href":"https:\/\/lesbiopaniersdemareil.org\/index.php\/wp-json\/wp\/v2\/posts"}],"about":[{"href":"https:\/\/lesbiopaniersdemareil.org\/index.php\/wp-json\/wp\/v2\/types\/post"}],"author":[{"embeddable":true,"href":"https:\/\/lesbiopaniersdemareil.org\/index.php\/wp-json\/wp\/v2\/users\/25"}],"replies":[{"embeddable":true,"href":"https:\/\/lesbiopaniersdemareil.org\/index.php\/wp-json\/wp\/v2\/comments?post=2372"}],"version-history":[{"count":1,"href":"https:\/\/lesbiopaniersdemareil.org\/index.php\/wp-json\/wp\/v2\/posts\/2372\/revisions"}],"predecessor-version":[{"id":2374,"href":"https:\/\/lesbiopaniersdemareil.org\/index.php\/wp-json\/wp\/v2\/posts\/2372\/revisions\/2374"}],"wp:attachment":[{"href":"https:\/\/lesbiopaniersdemareil.org\/index.php\/wp-json\/wp\/v2\/media?parent=2372"}],"wp:term":[{"taxonomy":"category","embeddable":true,"href":"https:\/\/lesbiopaniersdemareil.org\/index.php\/wp-json\/wp\/v2\/categories?post=2372"},{"taxonomy":"post_tag","embeddable":true,"href":"https:\/\/lesbiopaniersdemareil.org\/index.php\/wp-json\/wp\/v2\/tags?post=2372"}],"curies":[{"name":"wp","href":"https:\/\/api.w.org\/{rel}","templated":true}]}}