{"id":2312,"date":"2024-02-06T23:48:19","date_gmt":"2024-02-06T22:48:19","guid":{"rendered":"http:\/\/lesbiopaniersdemareil.org\/?p=2312"},"modified":"2024-02-06T23:49:40","modified_gmt":"2024-02-06T22:49:40","slug":"distribution-du-mercredi-7-fevrier-2024","status":"publish","type":"post","link":"https:\/\/lesbiopaniersdemareil.org\/index.php\/2024\/02\/06\/distribution-du-mercredi-7-fevrier-2024\/","title":{"rendered":"Distribution du mercredi 7 f\u00e9vrier 2024"},"content":{"rendered":"\n<p>Ce mercredi, il y a distribution des paniers de l\u00e9gumes, des pommes-poires, des agrumes et du porc.<\/p>\n\n\n\n<p><strong>Le PETIT panier comprend :<\/strong><\/p>\n\n\n\n<div class=\"wp-block-group\"><div class=\"wp-block-group__inner-container\">\n<ul><li>200 gr de mesclun<\/li><li>800 gr de carottes<\/li><li>500 gr de poireaux<\/li><li>1 kg de pommes de terre tendres<\/li><li>1 coriandre<\/li><li>500 gr de betteraves cuites<\/li><li>600 gr de blettes<\/li><li>2 c\u00e9leris raves<\/li><\/ul>\n<\/div><\/div>\n\n\n\n<p><strong>Le panier MOYEN comprend :<\/strong><\/p>\n\n\n\n<div class=\"wp-block-group\"><div class=\"wp-block-group__inner-container\">\n<ul><li>200 gr de mesclun<\/li><li>1 kg de carottes<\/li><li>500 gr de poireaux<\/li><li>1 kg de pommes de terre tendres<\/li><li>1 coriandre<\/li><li>800 gr de blettes<\/li><li>1 courge Bleu de Hongrie<\/li><li>500 gr de chou kal\u00e9<\/li><li>2 fenouils<\/li><li>2 c\u00e9leris raves<\/li><\/ul>\n<\/div><\/div>\n\n\n\n<p>Les paniers sont tr\u00e8s g\u00e9n\u00e9reux cette semaine.<\/p>\n\n\n\n<p>R\u00e9galez vous.<\/p>\n","protected":false},"excerpt":{"rendered":"<p>Ce mercredi, il y a distribution des paniers de l\u00e9gumes, des pommes-poires, des agrumes et du porc. Le PETIT panier comprend : Le panier MOYEN comprend : Les paniers sont tr\u00e8s g\u00e9n\u00e9reux cette semaine. R\u00e9galez vous.<\/p>\n","protected":false},"author":25,"featured_media":0,"comment_status":"open","ping_status":"open","sticky":false,"template":"","format":"standard","meta":{"spay_email":"","jetpack_publicize_message":"","jetpack_is_tweetstorm":false,"jetpack_publicize_feature_enabled":true},"categories":[44],"tags":[],"jetpack_featured_media_url":"","jetpack_publicize_connections":[],"jetpack_sharing_enabled":true,"jetpack_shortlink":"https:\/\/wp.me\/pai4cU-Bi","_links":{"self":[{"href":"https:\/\/lesbiopaniersdemareil.org\/index.php\/wp-json\/wp\/v2\/posts\/2312"}],"collection":[{"href":"https:\/\/lesbiopaniersdemareil.org\/index.php\/wp-json\/wp\/v2\/posts"}],"about":[{"href":"https:\/\/lesbiopaniersdemareil.org\/index.php\/wp-json\/wp\/v2\/types\/post"}],"author":[{"embeddable":true,"href":"https:\/\/lesbiopaniersdemareil.org\/index.php\/wp-json\/wp\/v2\/users\/25"}],"replies":[{"embeddable":true,"href":"https:\/\/lesbiopaniersdemareil.org\/index.php\/wp-json\/wp\/v2\/comments?post=2312"}],"version-history":[{"count":1,"href":"https:\/\/lesbiopaniersdemareil.org\/index.php\/wp-json\/wp\/v2\/posts\/2312\/revisions"}],"predecessor-version":[{"id":2313,"href":"https:\/\/lesbiopaniersdemareil.org\/index.php\/wp-json\/wp\/v2\/posts\/2312\/revisions\/2313"}],"wp:attachment":[{"href":"https:\/\/lesbiopaniersdemareil.org\/index.php\/wp-json\/wp\/v2\/media?parent=2312"}],"wp:term":[{"taxonomy":"category","embeddable":true,"href":"https:\/\/lesbiopaniersdemareil.org\/index.php\/wp-json\/wp\/v2\/categories?post=2312"},{"taxonomy":"post_tag","embeddable":true,"href":"https:\/\/lesbiopaniersdemareil.org\/index.php\/wp-json\/wp\/v2\/tags?post=2312"}],"curies":[{"name":"wp","href":"https:\/\/api.w.org\/{rel}","templated":true}]}}