{"id":2300,"date":"2024-01-24T12:45:00","date_gmt":"2024-01-24T11:45:00","guid":{"rendered":"http:\/\/lesbiopaniersdemareil.org\/?p=2300"},"modified":"2024-05-08T17:23:59","modified_gmt":"2024-05-08T15:23:59","slug":"bulletin-dinformation-la-ptite-coop-n12","status":"publish","type":"post","link":"https:\/\/lesbiopaniersdemareil.org\/index.php\/2024\/01\/24\/bulletin-dinformation-la-ptite-coop-n12\/","title":{"rendered":"Bulletin d&#8217;information La Ptite Coop n\u00b012"},"content":{"rendered":"\n<p>Annick, Dalila et Thibault de Terre Ferme souhaitent \u00e0 tous le meilleur pour 2024. <\/p>\n\n\n\n<figure class=\"wp-block-image size-large is-resized\"><img loading=\"lazy\" src=\"http:\/\/lesbiopaniersdemareil.org\/wp-content\/uploads\/2024\/01\/image-1.png\" alt=\"\" class=\"wp-image-2307\" width=\"639\" height=\"296\" srcset=\"https:\/\/lesbiopaniersdemareil.org\/wp-content\/uploads\/2024\/01\/image-1.png 454w, https:\/\/lesbiopaniersdemareil.org\/wp-content\/uploads\/2024\/01\/image-1-300x139.png 300w\" sizes=\"(max-width: 639px) 100vw, 639px\" \/><\/figure>\n\n\n\n<p>Pour notre part, nous sommes impatients de laisser derri\u00e8re nous les traces de d&#8217;une ann\u00e9e qui a commenc\u00e9 et qui s&#8217;est termin\u00e9e par une temp\u00eate, avec peu de soleil au printemps (malgr\u00e9 un bilan mondial d&#8217;ann\u00e9e la plus chaude) et tant de pluie, m\u00eame cet \u00e9t\u00e9.<\/p>\n\n\n\n<p>Tous les cours d&#8217;eau d\u00e9bordent, foss\u00e9s et champs en bord de rus sont engorg\u00e9s depuis des mois, de quoi laisser aux oubliettes les inqui\u00e9tudes de 2022, concernant nos nappes phr\u00e9atiques !<\/p>\n\n\n\n<p>Aussi, et pour compenser la charge de travail laiss\u00e9e par la temp\u00eate Ciaran qui nous attend d\u00e9but 2024, nous ne pourrions rien de mieux que souhaiter de mieux qu&#8217;une ann\u00e9e climatique id\u00e9ale, lumineuse et sans vent.<\/p>\n\n\n\n<p>Pour lire la suite &#8230;.<\/p>\n\n\n\n<div class=\"wp-block-file\"><a href=\"http:\/\/lesbiopaniersdemareil.org\/wp-content\/uploads\/2024\/01\/BULLETIN-DINFORMATION-N\u00b012.pdf\">BULLETIN-DINFORMATION-N\u00b012<\/a><a href=\"http:\/\/lesbiopaniersdemareil.org\/wp-content\/uploads\/2024\/01\/BULLETIN-DINFORMATION-N\u00b012.pdf\" class=\"wp-block-file__button\" download>Download<\/a><\/div>\n\n\n\n<p>Nous restons \u00e9videmment tr\u00e8s solidaires avec nos agriculteurs, \u00e9leveurs et maraichers.<\/p>\n","protected":false},"excerpt":{"rendered":"<p>Annick, Dalila et Thibault de Terre Ferme souhaitent \u00e0 tous le meilleur pour 2024. Pour notre part, nous sommes impatients de laisser derri\u00e8re nous les traces de d&#8217;une ann\u00e9e qui a commenc\u00e9 et qui s&#8217;est termin\u00e9e par une temp\u00eate, avec peu de soleil au printemps (malgr\u00e9 un bilan mondial d&#8217;ann\u00e9e la plus chaude) et tant &hellip; <\/p>\n<p class=\"link-more\"><a href=\"https:\/\/lesbiopaniersdemareil.org\/index.php\/2024\/01\/24\/bulletin-dinformation-la-ptite-coop-n12\/\" class=\"more-link\">Continue reading<span class=\"screen-reader-text\"> &#8220;Bulletin d&#8217;information La Ptite Coop n\u00b012&#8221;<\/span><\/a><\/p>\n","protected":false},"author":25,"featured_media":0,"comment_status":"open","ping_status":"open","sticky":false,"template":"","format":"standard","meta":{"spay_email":"","jetpack_publicize_message":"","jetpack_is_tweetstorm":false,"jetpack_publicize_feature_enabled":true},"categories":[53],"tags":[],"jetpack_featured_media_url":"","jetpack_publicize_connections":[],"jetpack_sharing_enabled":true,"jetpack_shortlink":"https:\/\/wp.me\/pai4cU-B6","_links":{"self":[{"href":"https:\/\/lesbiopaniersdemareil.org\/index.php\/wp-json\/wp\/v2\/posts\/2300"}],"collection":[{"href":"https:\/\/lesbiopaniersdemareil.org\/index.php\/wp-json\/wp\/v2\/posts"}],"about":[{"href":"https:\/\/lesbiopaniersdemareil.org\/index.php\/wp-json\/wp\/v2\/types\/post"}],"author":[{"embeddable":true,"href":"https:\/\/lesbiopaniersdemareil.org\/index.php\/wp-json\/wp\/v2\/users\/25"}],"replies":[{"embeddable":true,"href":"https:\/\/lesbiopaniersdemareil.org\/index.php\/wp-json\/wp\/v2\/comments?post=2300"}],"version-history":[{"count":4,"href":"https:\/\/lesbiopaniersdemareil.org\/index.php\/wp-json\/wp\/v2\/posts\/2300\/revisions"}],"predecessor-version":[{"id":2308,"href":"https:\/\/lesbiopaniersdemareil.org\/index.php\/wp-json\/wp\/v2\/posts\/2300\/revisions\/2308"}],"wp:attachment":[{"href":"https:\/\/lesbiopaniersdemareil.org\/index.php\/wp-json\/wp\/v2\/media?parent=2300"}],"wp:term":[{"taxonomy":"category","embeddable":true,"href":"https:\/\/lesbiopaniersdemareil.org\/index.php\/wp-json\/wp\/v2\/categories?post=2300"},{"taxonomy":"post_tag","embeddable":true,"href":"https:\/\/lesbiopaniersdemareil.org\/index.php\/wp-json\/wp\/v2\/tags?post=2300"}],"curies":[{"name":"wp","href":"https:\/\/api.w.org\/{rel}","templated":true}]}}