{"id":2264,"date":"2023-12-11T22:18:43","date_gmt":"2023-12-11T21:18:43","guid":{"rendered":"http:\/\/lesbiopaniersdemareil.org\/?p=2264"},"modified":"2023-12-11T22:18:55","modified_gmt":"2023-12-11T21:18:55","slug":"recette-de-pancake-au-panais","status":"publish","type":"post","link":"https:\/\/lesbiopaniersdemareil.org\/index.php\/2023\/12\/11\/recette-de-pancake-au-panais\/","title":{"rendered":"Recette de pancake au panais"},"content":{"rendered":"\n<p><strong>Ingr\u00e9dients (pour 8 pancakes) :<\/strong><\/p>\n\n\n\n<div class=\"wp-block-group\"><div class=\"wp-block-group__inner-container\">\n<ul><li>100g de panais<\/li><li>100 ml de lait<\/li><li>75g farine sarrasin<\/li><li>20g farine bl\u00e9<\/li><li>1 oeuf<\/li><li>1\/2 cc sel<\/li><\/ul>\n\n\n\n<p><strong>Pr\u00e9paration :<\/strong><\/p>\n\n\n\n<ul><li>Peler et couper le panais en d\u00e9s. Cuire \u00e0 l\u2019eau ou \u00e0 la vapeur et le r\u00e9duire<br>en pur\u00e9e.<\/li><li>Ajouter l\u2019oeuf, m\u00e9langer, puis ajouter les farines. Bien m\u00e9langer, ajouter le<br>lait progressivement. <\/li><li>La p\u00e2te doit \u00eatre plus \u00e9paisse qu\u2019une p\u00e2te \u00e0 cr\u00eapes.<\/li><li>Laisser reposer la p\u00e2te 20-30mn.<\/li><li>Faire chauffer un peu d\u2019huile ou de beurre dans une po\u00eale, verser une<br>petite louche de p\u00e2te. Bien cuire les pancakes sur les deux cot\u00e9s.<\/li><li>Peuvent se consommer version sal\u00e9e ou sucr\u00e9e au choix<\/li><\/ul>\n<\/div><\/div>\n","protected":false},"excerpt":{"rendered":"<p>Ingr\u00e9dients (pour 8 pancakes) :<\/p>\n","protected":false},"author":25,"featured_media":0,"comment_status":"open","ping_status":"open","sticky":false,"template":"","format":"standard","meta":{"spay_email":"","jetpack_publicize_message":"","jetpack_is_tweetstorm":false,"jetpack_publicize_feature_enabled":true},"categories":[4],"tags":[],"jetpack_featured_media_url":"","jetpack_publicize_connections":[],"jetpack_sharing_enabled":true,"jetpack_shortlink":"https:\/\/wp.me\/pai4cU-Aw","_links":{"self":[{"href":"https:\/\/lesbiopaniersdemareil.org\/index.php\/wp-json\/wp\/v2\/posts\/2264"}],"collection":[{"href":"https:\/\/lesbiopaniersdemareil.org\/index.php\/wp-json\/wp\/v2\/posts"}],"about":[{"href":"https:\/\/lesbiopaniersdemareil.org\/index.php\/wp-json\/wp\/v2\/types\/post"}],"author":[{"embeddable":true,"href":"https:\/\/lesbiopaniersdemareil.org\/index.php\/wp-json\/wp\/v2\/users\/25"}],"replies":[{"embeddable":true,"href":"https:\/\/lesbiopaniersdemareil.org\/index.php\/wp-json\/wp\/v2\/comments?post=2264"}],"version-history":[{"count":1,"href":"https:\/\/lesbiopaniersdemareil.org\/index.php\/wp-json\/wp\/v2\/posts\/2264\/revisions"}],"predecessor-version":[{"id":2265,"href":"https:\/\/lesbiopaniersdemareil.org\/index.php\/wp-json\/wp\/v2\/posts\/2264\/revisions\/2265"}],"wp:attachment":[{"href":"https:\/\/lesbiopaniersdemareil.org\/index.php\/wp-json\/wp\/v2\/media?parent=2264"}],"wp:term":[{"taxonomy":"category","embeddable":true,"href":"https:\/\/lesbiopaniersdemareil.org\/index.php\/wp-json\/wp\/v2\/categories?post=2264"},{"taxonomy":"post_tag","embeddable":true,"href":"https:\/\/lesbiopaniersdemareil.org\/index.php\/wp-json\/wp\/v2\/tags?post=2264"}],"curies":[{"name":"wp","href":"https:\/\/api.w.org\/{rel}","templated":true}]}}