{"id":2246,"date":"2023-11-15T17:28:47","date_gmt":"2023-11-15T16:28:47","guid":{"rendered":"http:\/\/lesbiopaniersdemareil.org\/?p=2246"},"modified":"2023-11-15T17:31:11","modified_gmt":"2023-11-15T16:31:11","slug":"bulletin-dinformation-n11-special-tempete-ciaran","status":"publish","type":"post","link":"https:\/\/lesbiopaniersdemareil.org\/index.php\/2023\/11\/15\/bulletin-dinformation-n11-special-tempete-ciaran\/","title":{"rendered":"Bulletin d&#8217;information n\u00b011 &#8211; Sp\u00e9cial temp\u00eate Ciaran"},"content":{"rendered":"\n<p>Message d&#8217;Annick et Thibault de TERRE FERME, nos mara\u00eechers de La Manche, pr\u00e8s de Granville :<\/p>\n\n\n\n<p>&#8220;<em>Parce que nous avons \u00e9t\u00e9 tr\u00e8s touch\u00e9s par vos chaleureux messages et prises de nouvelles apr\u00e8s la\u00a0temp\u00eate<\/em> <em>de la nuit du mercredi 1er au jeudi 2 novembre, nous avons souhait\u00e9 vous faire une r\u00e9ponse commune (\u00e0 toutes les Amaps et amapiens) avec ce bulletin sp\u00e9cial en images. TERRE FERME enregistre de nombreux d\u00e9g\u00e2ts, tout comme ses voisins et coll\u00e8gues. Malgr\u00e9 les pr\u00e9cautions, il a \u00e9t\u00e9 difficile de faire face \u00e0 la force du vent, pourtant annonc\u00e9.<\/em>&#8220;<\/p>\n\n\n\n<p>Lire la suite&#8230;<\/p>\n\n\n\n<div class=\"wp-block-file\"><a href=\"http:\/\/lesbiopaniersdemareil.org\/wp-content\/uploads\/2023\/11\/BULLETIN-INFORMATION-NOVEMBRE-2023.pdf\">BULLETIN-INFORMATION-NOVEMBRE-2023<\/a><a href=\"http:\/\/lesbiopaniersdemareil.org\/wp-content\/uploads\/2023\/11\/BULLETIN-INFORMATION-NOVEMBRE-2023.pdf\" class=\"wp-block-file__button\" download>Download<\/a><\/div>\n","protected":false},"excerpt":{"rendered":"<p>Message d&#8217;Annick et Thibault de TERRE FERME, nos mara\u00eechers de La Manche, pr\u00e8s de Granville : &#8220;Parce que nous avons \u00e9t\u00e9 tr\u00e8s touch\u00e9s par vos chaleureux messages et prises de nouvelles apr\u00e8s la\u00a0temp\u00eate de la nuit du mercredi 1er au jeudi 2 novembre, nous avons souhait\u00e9 vous faire une r\u00e9ponse commune (\u00e0 toutes les Amaps &hellip; <\/p>\n<p class=\"link-more\"><a href=\"https:\/\/lesbiopaniersdemareil.org\/index.php\/2023\/11\/15\/bulletin-dinformation-n11-special-tempete-ciaran\/\" class=\"more-link\">Continue reading<span class=\"screen-reader-text\"> &#8220;Bulletin d&#8217;information n\u00b011 &#8211; Sp\u00e9cial temp\u00eate Ciaran&#8221;<\/span><\/a><\/p>\n","protected":false},"author":25,"featured_media":0,"comment_status":"open","ping_status":"open","sticky":false,"template":"","format":"standard","meta":{"spay_email":"","jetpack_publicize_message":"","jetpack_is_tweetstorm":false,"jetpack_publicize_feature_enabled":true},"categories":[36],"tags":[],"jetpack_featured_media_url":"","jetpack_publicize_connections":[],"jetpack_sharing_enabled":true,"jetpack_shortlink":"https:\/\/wp.me\/pai4cU-Ae","_links":{"self":[{"href":"https:\/\/lesbiopaniersdemareil.org\/index.php\/wp-json\/wp\/v2\/posts\/2246"}],"collection":[{"href":"https:\/\/lesbiopaniersdemareil.org\/index.php\/wp-json\/wp\/v2\/posts"}],"about":[{"href":"https:\/\/lesbiopaniersdemareil.org\/index.php\/wp-json\/wp\/v2\/types\/post"}],"author":[{"embeddable":true,"href":"https:\/\/lesbiopaniersdemareil.org\/index.php\/wp-json\/wp\/v2\/users\/25"}],"replies":[{"embeddable":true,"href":"https:\/\/lesbiopaniersdemareil.org\/index.php\/wp-json\/wp\/v2\/comments?post=2246"}],"version-history":[{"count":3,"href":"https:\/\/lesbiopaniersdemareil.org\/index.php\/wp-json\/wp\/v2\/posts\/2246\/revisions"}],"predecessor-version":[{"id":2250,"href":"https:\/\/lesbiopaniersdemareil.org\/index.php\/wp-json\/wp\/v2\/posts\/2246\/revisions\/2250"}],"wp:attachment":[{"href":"https:\/\/lesbiopaniersdemareil.org\/index.php\/wp-json\/wp\/v2\/media?parent=2246"}],"wp:term":[{"taxonomy":"category","embeddable":true,"href":"https:\/\/lesbiopaniersdemareil.org\/index.php\/wp-json\/wp\/v2\/categories?post=2246"},{"taxonomy":"post_tag","embeddable":true,"href":"https:\/\/lesbiopaniersdemareil.org\/index.php\/wp-json\/wp\/v2\/tags?post=2246"}],"curies":[{"name":"wp","href":"https:\/\/api.w.org\/{rel}","templated":true}]}}