{"id":2230,"date":"2023-11-08T14:50:42","date_gmt":"2023-11-08T13:50:42","guid":{"rendered":"http:\/\/lesbiopaniersdemareil.org\/?p=2230"},"modified":"2023-11-08T14:50:42","modified_gmt":"2023-11-08T13:50:42","slug":"nous-avons-des-nouvelles-de-nos-maraichers-de-terre-ferme-dans-la-manche","status":"publish","type":"post","link":"https:\/\/lesbiopaniersdemareil.org\/index.php\/2023\/11\/08\/nous-avons-des-nouvelles-de-nos-maraichers-de-terre-ferme-dans-la-manche\/","title":{"rendered":"Nous avons des nouvelles de nos mara\u00eechers de TERRE FERME, dans La Manche"},"content":{"rendered":"\n<p>Nous avons eu des nouvelles de Thibault et Annick de Terre Ferme dimanche soir.<\/p>\n\n\n\n<p>Ils ont subi la coupure d&#8217;\u00e9lectricit\u00e9 et d&#8217;internet pendant plusieurs jours. Ils se remettent de leurs \u00e9motions et commencent le travail de d\u00e9blaiement et de r\u00e9paration.<br>Ils attendent la venue de l&#8217;expert pour les dommages des serres et de leur appentis.<\/p>\n\n\n\n<p>Mais, ils assurent la livraison des l\u00e9gumes de cette semaine. encore merci \u00e0 eux pour leur implication et et leur engagement. En retour nous leur envoyons toute notre solidarit\u00e9.<\/p>\n\n\n\n<p>Par ailleurs, il est possible qu&#8217;ils ne livrent pas 1 semaine dans les semaines \u00e0 venir.<\/p>\n\n\n\n<p>Bonne soir\u00e9e.<br>\u00c9ric<\/p>\n","protected":false},"excerpt":{"rendered":"<p>Nous avons eu des nouvelles de Thibault et Annick de Terre Ferme dimanche soir. Ils ont subi la coupure d&#8217;\u00e9lectricit\u00e9 et d&#8217;internet pendant plusieurs jours. Ils se remettent de leurs \u00e9motions et commencent le travail de d\u00e9blaiement et de r\u00e9paration.Ils attendent la venue de l&#8217;expert pour les dommages des serres et de leur appentis. Mais, &hellip; <\/p>\n<p class=\"link-more\"><a href=\"https:\/\/lesbiopaniersdemareil.org\/index.php\/2023\/11\/08\/nous-avons-des-nouvelles-de-nos-maraichers-de-terre-ferme-dans-la-manche\/\" class=\"more-link\">Continue reading<span class=\"screen-reader-text\"> &#8220;Nous avons des nouvelles de nos mara\u00eechers de TERRE FERME, dans La Manche&#8221;<\/span><\/a><\/p>\n","protected":false},"author":25,"featured_media":0,"comment_status":"open","ping_status":"open","sticky":false,"template":"","format":"standard","meta":{"spay_email":"","jetpack_publicize_message":"","jetpack_is_tweetstorm":false,"jetpack_publicize_feature_enabled":true},"categories":[1],"tags":[],"jetpack_featured_media_url":"","jetpack_publicize_connections":[],"jetpack_sharing_enabled":true,"jetpack_shortlink":"https:\/\/wp.me\/pai4cU-zY","_links":{"self":[{"href":"https:\/\/lesbiopaniersdemareil.org\/index.php\/wp-json\/wp\/v2\/posts\/2230"}],"collection":[{"href":"https:\/\/lesbiopaniersdemareil.org\/index.php\/wp-json\/wp\/v2\/posts"}],"about":[{"href":"https:\/\/lesbiopaniersdemareil.org\/index.php\/wp-json\/wp\/v2\/types\/post"}],"author":[{"embeddable":true,"href":"https:\/\/lesbiopaniersdemareil.org\/index.php\/wp-json\/wp\/v2\/users\/25"}],"replies":[{"embeddable":true,"href":"https:\/\/lesbiopaniersdemareil.org\/index.php\/wp-json\/wp\/v2\/comments?post=2230"}],"version-history":[{"count":1,"href":"https:\/\/lesbiopaniersdemareil.org\/index.php\/wp-json\/wp\/v2\/posts\/2230\/revisions"}],"predecessor-version":[{"id":2231,"href":"https:\/\/lesbiopaniersdemareil.org\/index.php\/wp-json\/wp\/v2\/posts\/2230\/revisions\/2231"}],"wp:attachment":[{"href":"https:\/\/lesbiopaniersdemareil.org\/index.php\/wp-json\/wp\/v2\/media?parent=2230"}],"wp:term":[{"taxonomy":"category","embeddable":true,"href":"https:\/\/lesbiopaniersdemareil.org\/index.php\/wp-json\/wp\/v2\/categories?post=2230"},{"taxonomy":"post_tag","embeddable":true,"href":"https:\/\/lesbiopaniersdemareil.org\/index.php\/wp-json\/wp\/v2\/tags?post=2230"}],"curies":[{"name":"wp","href":"https:\/\/api.w.org\/{rel}","templated":true}]}}