{"id":2227,"date":"2023-11-01T19:31:49","date_gmt":"2023-11-01T18:31:49","guid":{"rendered":"http:\/\/lesbiopaniersdemareil.org\/?p=2227"},"modified":"2023-11-08T14:51:13","modified_gmt":"2023-11-08T13:51:13","slug":"solidaire-de-nos-maraichers-de-terre-ferme-dans-la-manche-en-ce-soir-de-tempete","status":"publish","type":"post","link":"https:\/\/lesbiopaniersdemareil.org\/index.php\/2023\/11\/01\/solidaire-de-nos-maraichers-de-terre-ferme-dans-la-manche-en-ce-soir-de-tempete\/","title":{"rendered":"Solidaires de nos maraichers de Terre Ferme, dans la Manche, en ce soir de temp\u00eate."},"content":{"rendered":"\n<p>Cette nuit et demain, <strong>le d\u00e9partement de La Manche, o\u00f9 se trouve Terre Ferme est en alerte rouge Temp\u00eate, pluies fortes, vent fort avec des rafales \u00e0 170 km<\/strong>.<\/p>\n\n\n\n<p>Annick et Thibault ont fait le maximum pour prot\u00e9ger leurs serres.<\/p>\n","protected":false},"excerpt":{"rendered":"<p>Cette nuit et demain, le d\u00e9partement de La Manche, o\u00f9 se trouve Terre Ferme est en alerte rouge Temp\u00eate, pluies fortes, vent fort avec des rafales \u00e0 170 km. Annick et Thibault ont fait le maximum pour prot\u00e9ger leurs serres.<\/p>\n","protected":false},"author":25,"featured_media":0,"comment_status":"open","ping_status":"open","sticky":false,"template":"","format":"standard","meta":{"spay_email":"","jetpack_publicize_message":"","jetpack_is_tweetstorm":false,"jetpack_publicize_feature_enabled":true},"categories":[1],"tags":[],"jetpack_featured_media_url":"","jetpack_publicize_connections":[],"jetpack_sharing_enabled":true,"jetpack_shortlink":"https:\/\/wp.me\/pai4cU-zV","_links":{"self":[{"href":"https:\/\/lesbiopaniersdemareil.org\/index.php\/wp-json\/wp\/v2\/posts\/2227"}],"collection":[{"href":"https:\/\/lesbiopaniersdemareil.org\/index.php\/wp-json\/wp\/v2\/posts"}],"about":[{"href":"https:\/\/lesbiopaniersdemareil.org\/index.php\/wp-json\/wp\/v2\/types\/post"}],"author":[{"embeddable":true,"href":"https:\/\/lesbiopaniersdemareil.org\/index.php\/wp-json\/wp\/v2\/users\/25"}],"replies":[{"embeddable":true,"href":"https:\/\/lesbiopaniersdemareil.org\/index.php\/wp-json\/wp\/v2\/comments?post=2227"}],"version-history":[{"count":2,"href":"https:\/\/lesbiopaniersdemareil.org\/index.php\/wp-json\/wp\/v2\/posts\/2227\/revisions"}],"predecessor-version":[{"id":2232,"href":"https:\/\/lesbiopaniersdemareil.org\/index.php\/wp-json\/wp\/v2\/posts\/2227\/revisions\/2232"}],"wp:attachment":[{"href":"https:\/\/lesbiopaniersdemareil.org\/index.php\/wp-json\/wp\/v2\/media?parent=2227"}],"wp:term":[{"taxonomy":"category","embeddable":true,"href":"https:\/\/lesbiopaniersdemareil.org\/index.php\/wp-json\/wp\/v2\/categories?post=2227"},{"taxonomy":"post_tag","embeddable":true,"href":"https:\/\/lesbiopaniersdemareil.org\/index.php\/wp-json\/wp\/v2\/tags?post=2227"}],"curies":[{"name":"wp","href":"https:\/\/api.w.org\/{rel}","templated":true}]}}