{"id":2207,"date":"2023-10-10T23:10:02","date_gmt":"2023-10-10T21:10:02","guid":{"rendered":"http:\/\/lesbiopaniersdemareil.org\/?p=2207"},"modified":"2023-10-10T23:10:19","modified_gmt":"2023-10-10T21:10:19","slug":"assemblee-generale-ordinaire-de-lamap-de-mareil","status":"publish","type":"post","link":"https:\/\/lesbiopaniersdemareil.org\/index.php\/2023\/10\/10\/assemblee-generale-ordinaire-de-lamap-de-mareil\/","title":{"rendered":"Assembl\u00e9e G\u00e9n\u00e9rale ordinaire de l&#8217;Amap de Mareil"},"content":{"rendered":"\n<p>Ce mercredi 11 octobre, se tiendra<strong> l&#8217;AG ordinaire <\/strong>de l&#8217;association Les Biopaniers de Mareil, \u00e0 20h au Bois Noirs<\/p>\n","protected":false},"excerpt":{"rendered":"<p>Ce mercredi 11 octobre, se tiendra l&#8217;AG ordinaire de l&#8217;association Les Biopaniers de Mareil, \u00e0 20h au Bois Noirs<\/p>\n","protected":false},"author":25,"featured_media":0,"comment_status":"open","ping_status":"open","sticky":false,"template":"","format":"standard","meta":{"spay_email":"","jetpack_publicize_message":"","jetpack_is_tweetstorm":false,"jetpack_publicize_feature_enabled":true},"categories":[53],"tags":[],"jetpack_featured_media_url":"","jetpack_publicize_connections":[],"jetpack_sharing_enabled":true,"jetpack_shortlink":"https:\/\/wp.me\/pai4cU-zB","_links":{"self":[{"href":"https:\/\/lesbiopaniersdemareil.org\/index.php\/wp-json\/wp\/v2\/posts\/2207"}],"collection":[{"href":"https:\/\/lesbiopaniersdemareil.org\/index.php\/wp-json\/wp\/v2\/posts"}],"about":[{"href":"https:\/\/lesbiopaniersdemareil.org\/index.php\/wp-json\/wp\/v2\/types\/post"}],"author":[{"embeddable":true,"href":"https:\/\/lesbiopaniersdemareil.org\/index.php\/wp-json\/wp\/v2\/users\/25"}],"replies":[{"embeddable":true,"href":"https:\/\/lesbiopaniersdemareil.org\/index.php\/wp-json\/wp\/v2\/comments?post=2207"}],"version-history":[{"count":1,"href":"https:\/\/lesbiopaniersdemareil.org\/index.php\/wp-json\/wp\/v2\/posts\/2207\/revisions"}],"predecessor-version":[{"id":2208,"href":"https:\/\/lesbiopaniersdemareil.org\/index.php\/wp-json\/wp\/v2\/posts\/2207\/revisions\/2208"}],"wp:attachment":[{"href":"https:\/\/lesbiopaniersdemareil.org\/index.php\/wp-json\/wp\/v2\/media?parent=2207"}],"wp:term":[{"taxonomy":"category","embeddable":true,"href":"https:\/\/lesbiopaniersdemareil.org\/index.php\/wp-json\/wp\/v2\/categories?post=2207"},{"taxonomy":"post_tag","embeddable":true,"href":"https:\/\/lesbiopaniersdemareil.org\/index.php\/wp-json\/wp\/v2\/tags?post=2207"}],"curies":[{"name":"wp","href":"https:\/\/api.w.org\/{rel}","templated":true}]}}