{"id":2115,"date":"2023-04-26T18:00:44","date_gmt":"2023-04-26T16:00:44","guid":{"rendered":"http:\/\/lesbiopaniersdemareil.org\/?p=2115"},"modified":"2023-04-26T18:01:06","modified_gmt":"2023-04-26T16:01:06","slug":"distribution-de-ce-mercredi-26-avril-2023-pas-de-panier-de-legumes","status":"publish","type":"post","link":"https:\/\/lesbiopaniersdemareil.org\/index.php\/2023\/04\/26\/distribution-de-ce-mercredi-26-avril-2023-pas-de-panier-de-legumes\/","title":{"rendered":"Distribution de ce mercredi 26 avril 2023 &#8211; Pas de panier de l\u00e9gumes"},"content":{"rendered":"\n<p><strong>Pas de paniers de l\u00e9gumes ce mercredi<\/strong>. C&#8217;est la coupure de printemps qui permet de d\u00e9marrer la livraison des l\u00e9gumes primeurs dans 2 semaines.<\/p>\n\n\n\n<p>Ce mercredi il y a livraison des <strong>OEUFS<\/strong> et des <strong>FROMAGE ET LAITAGE DE CHEVRE<\/strong>.<\/p>\n","protected":false},"excerpt":{"rendered":"<p>Pas de paniers de l\u00e9gumes ce mercredi. C&#8217;est la coupure de printemps qui permet de d\u00e9marrer la livraison des l\u00e9gumes primeurs dans 2 semaines. Ce mercredi il y a livraison des OEUFS et des FROMAGE ET LAITAGE DE CHEVRE.<\/p>\n","protected":false},"author":25,"featured_media":0,"comment_status":"open","ping_status":"open","sticky":false,"template":"","format":"standard","meta":{"spay_email":"","jetpack_publicize_message":"","jetpack_is_tweetstorm":false,"jetpack_publicize_feature_enabled":true},"categories":[44],"tags":[],"jetpack_featured_media_url":"","jetpack_publicize_connections":[],"jetpack_sharing_enabled":true,"jetpack_shortlink":"https:\/\/wp.me\/pai4cU-y7","_links":{"self":[{"href":"https:\/\/lesbiopaniersdemareil.org\/index.php\/wp-json\/wp\/v2\/posts\/2115"}],"collection":[{"href":"https:\/\/lesbiopaniersdemareil.org\/index.php\/wp-json\/wp\/v2\/posts"}],"about":[{"href":"https:\/\/lesbiopaniersdemareil.org\/index.php\/wp-json\/wp\/v2\/types\/post"}],"author":[{"embeddable":true,"href":"https:\/\/lesbiopaniersdemareil.org\/index.php\/wp-json\/wp\/v2\/users\/25"}],"replies":[{"embeddable":true,"href":"https:\/\/lesbiopaniersdemareil.org\/index.php\/wp-json\/wp\/v2\/comments?post=2115"}],"version-history":[{"count":2,"href":"https:\/\/lesbiopaniersdemareil.org\/index.php\/wp-json\/wp\/v2\/posts\/2115\/revisions"}],"predecessor-version":[{"id":2117,"href":"https:\/\/lesbiopaniersdemareil.org\/index.php\/wp-json\/wp\/v2\/posts\/2115\/revisions\/2117"}],"wp:attachment":[{"href":"https:\/\/lesbiopaniersdemareil.org\/index.php\/wp-json\/wp\/v2\/media?parent=2115"}],"wp:term":[{"taxonomy":"category","embeddable":true,"href":"https:\/\/lesbiopaniersdemareil.org\/index.php\/wp-json\/wp\/v2\/categories?post=2115"},{"taxonomy":"post_tag","embeddable":true,"href":"https:\/\/lesbiopaniersdemareil.org\/index.php\/wp-json\/wp\/v2\/tags?post=2115"}],"curies":[{"name":"wp","href":"https:\/\/api.w.org\/{rel}","templated":true}]}}