{"id":2035,"date":"2023-01-03T22:21:20","date_gmt":"2023-01-03T21:21:20","guid":{"rendered":"http:\/\/lesbiopaniersdemareil.org\/?p=2035"},"modified":"2023-01-03T22:37:06","modified_gmt":"2023-01-03T21:37:06","slug":"bulletin-dinformation-n7-dec-2022-janv-2023","status":"publish","type":"post","link":"https:\/\/lesbiopaniersdemareil.org\/index.php\/2023\/01\/03\/bulletin-dinformation-n7-dec-2022-janv-2023\/","title":{"rendered":"BULLETIN D\u2019INFORMATION n\u00b07 \u2013 d\u00e9c. 2022-Janv 2023"},"content":{"rendered":"\n<p>Voici la 7\u00e8me lettre d\u2019info de l\u2019ann\u00e9e de nos maraichers, La P\u2019tite Coop, Annick, Laure, Christophe et Thibault. La lettre de fin d&#8217;\u00e9t\u00e9 &#8211; d\u00e9but d&#8217;automne.<\/p>\n\n\n\n<p>Venez la d\u00e9couvrir.<\/p>\n\n\n\n<figure class=\"wp-block-image size-large is-resized\"><img loading=\"lazy\" src=\"http:\/\/lesbiopaniersdemareil.org\/wp-content\/uploads\/2023\/01\/20230103_222526-1024x567.jpg\" alt=\"\" class=\"wp-image-2038\" width=\"533\" height=\"295\" srcset=\"https:\/\/lesbiopaniersdemareil.org\/wp-content\/uploads\/2023\/01\/20230103_222526-1024x567.jpg 1024w, https:\/\/lesbiopaniersdemareil.org\/wp-content\/uploads\/2023\/01\/20230103_222526-300x166.jpg 300w, https:\/\/lesbiopaniersdemareil.org\/wp-content\/uploads\/2023\/01\/20230103_222526-768x425.jpg 768w, https:\/\/lesbiopaniersdemareil.org\/wp-content\/uploads\/2023\/01\/20230103_222526-1536x850.jpg 1536w, https:\/\/lesbiopaniersdemareil.org\/wp-content\/uploads\/2023\/01\/20230103_222526-2048x1134.jpg 2048w\" sizes=\"(max-width: 533px) 100vw, 533px\" \/><\/figure>\n\n\n\n<figure class=\"wp-block-image size-large is-resized\"><img loading=\"lazy\" src=\"http:\/\/lesbiopaniersdemareil.org\/wp-content\/uploads\/2023\/01\/20230103_222555-1024x591.jpg\" alt=\"\" class=\"wp-image-2041\" width=\"532\" height=\"306\" srcset=\"https:\/\/lesbiopaniersdemareil.org\/wp-content\/uploads\/2023\/01\/20230103_222555-1024x591.jpg 1024w, https:\/\/lesbiopaniersdemareil.org\/wp-content\/uploads\/2023\/01\/20230103_222555-300x173.jpg 300w, https:\/\/lesbiopaniersdemareil.org\/wp-content\/uploads\/2023\/01\/20230103_222555-768x443.jpg 768w, https:\/\/lesbiopaniersdemareil.org\/wp-content\/uploads\/2023\/01\/20230103_222555-1536x886.jpg 1536w, https:\/\/lesbiopaniersdemareil.org\/wp-content\/uploads\/2023\/01\/20230103_222555-2048x1182.jpg 2048w\" sizes=\"(max-width: 532px) 100vw, 532px\" \/><\/figure>\n\n\n\n<div class=\"wp-block-file\"><a href=\"http:\/\/lesbiopaniersdemareil.org\/wp-content\/uploads\/2023\/01\/BULLETIN-N\u00b07-Dec-2022.pdf\">BULLETIN-N\u00b07-Dec-2022<\/a><a href=\"http:\/\/lesbiopaniersdemareil.org\/wp-content\/uploads\/2023\/01\/BULLETIN-N\u00b07-Dec-2022.pdf\" class=\"wp-block-file__button\" download>Download<\/a><\/div>\n\n\n\n<p><\/p>\n","protected":false},"excerpt":{"rendered":"<p>Voici la 7\u00e8me lettre d\u2019info de l\u2019ann\u00e9e de nos maraichers, La P\u2019tite Coop, Annick, Laure, Christophe et Thibault. La lettre de fin d&#8217;\u00e9t\u00e9 &#8211; d\u00e9but d&#8217;automne. Venez la d\u00e9couvrir.<\/p>\n","protected":false},"author":25,"featured_media":0,"comment_status":"open","ping_status":"open","sticky":false,"template":"","format":"standard","meta":{"spay_email":"","jetpack_publicize_message":"","jetpack_is_tweetstorm":false,"jetpack_publicize_feature_enabled":true},"categories":[53],"tags":[],"jetpack_featured_media_url":"","jetpack_publicize_connections":[],"jetpack_sharing_enabled":true,"jetpack_shortlink":"https:\/\/wp.me\/pai4cU-wP","_links":{"self":[{"href":"https:\/\/lesbiopaniersdemareil.org\/index.php\/wp-json\/wp\/v2\/posts\/2035"}],"collection":[{"href":"https:\/\/lesbiopaniersdemareil.org\/index.php\/wp-json\/wp\/v2\/posts"}],"about":[{"href":"https:\/\/lesbiopaniersdemareil.org\/index.php\/wp-json\/wp\/v2\/types\/post"}],"author":[{"embeddable":true,"href":"https:\/\/lesbiopaniersdemareil.org\/index.php\/wp-json\/wp\/v2\/users\/25"}],"replies":[{"embeddable":true,"href":"https:\/\/lesbiopaniersdemareil.org\/index.php\/wp-json\/wp\/v2\/comments?post=2035"}],"version-history":[{"count":3,"href":"https:\/\/lesbiopaniersdemareil.org\/index.php\/wp-json\/wp\/v2\/posts\/2035\/revisions"}],"predecessor-version":[{"id":2042,"href":"https:\/\/lesbiopaniersdemareil.org\/index.php\/wp-json\/wp\/v2\/posts\/2035\/revisions\/2042"}],"wp:attachment":[{"href":"https:\/\/lesbiopaniersdemareil.org\/index.php\/wp-json\/wp\/v2\/media?parent=2035"}],"wp:term":[{"taxonomy":"category","embeddable":true,"href":"https:\/\/lesbiopaniersdemareil.org\/index.php\/wp-json\/wp\/v2\/categories?post=2035"},{"taxonomy":"post_tag","embeddable":true,"href":"https:\/\/lesbiopaniersdemareil.org\/index.php\/wp-json\/wp\/v2\/tags?post=2035"}],"curies":[{"name":"wp","href":"https:\/\/api.w.org\/{rel}","templated":true}]}}