{"id":2030,"date":"2023-01-03T22:09:15","date_gmt":"2023-01-03T21:09:15","guid":{"rendered":"http:\/\/lesbiopaniersdemareil.org\/?p=2030"},"modified":"2023-01-03T22:09:57","modified_gmt":"2023-01-03T21:09:57","slug":"distribution-du-mercredi-4-janvier-2023","status":"publish","type":"post","link":"https:\/\/lesbiopaniersdemareil.org\/index.php\/2023\/01\/03\/distribution-du-mercredi-4-janvier-2023\/","title":{"rendered":"Distribution du mercredi 4 janvier 2023"},"content":{"rendered":"\n<p>En tout premier, le CA des Biopaniers de Mareil vous pr\u00e9sente ses Meilleurs Voeux pour cette nouvelle ann\u00e9e 2023. Qu&#8217;elle soit sous le signe du bien-\u00eatre, du bien manger, du respect de la biodiversit\u00e9 et de la nature.<\/p>\n\n\n\n<p>En ce premier mercredi de l&#8217;ann\u00e9e, il y a livraison des paniers de l\u00e9gumes, des pommes-poires, des champignons et des oeufs.<\/p>\n\n\n\n<p><strong>Le PETIT panier comprend :<\/strong><\/p>\n\n\n\n<div class=\"wp-block-group\"><div class=\"wp-block-group__inner-container\">\n<ul><li>2 fenouils<\/li><li>1 kg de pommes de terre tendres, vari\u00e9t\u00e9 Agria<\/li><li>200 gr de mesclun (m\u00e9lange de chicor\u00e9e rouge Rubro, coeur de chicor\u00e9e fris\u00e9e et pourpier)<\/li><li>500 gr de poireaux<\/li><li>500 gr de navets<\/li><li>1 chou vert<\/li><li>800 gr de carottes<\/li><\/ul>\n\n\n\n<p><strong>Le panier MOYEN comprend :<\/strong><\/p>\n\n\n\n<div class=\"wp-block-group\"><div class=\"wp-block-group__inner-container\">\n<ul><li>2 fenouils<\/li><li>2 kg de pommes de terre tendres, vari\u00e9t\u00e9 Agria<\/li><li>200 gr de mesclun (m\u00e9lange de chicor\u00e9e rouge Rubro, coeur de chicor\u00e9e fris\u00e9e et pourpier)<\/li><li>500 gr de poireaux<\/li><li>500 gr de navets<\/li><li>1 chou vert<\/li><li>800 gr de carottes<\/li><li>500 gr de betteraves cuites<\/li><\/ul>\n\n\n\n<p>Bonne distribution et d\u00e9gustation de ces bons produits bio.<\/p>\n<\/div><\/div>\n<\/div><\/div>\n","protected":false},"excerpt":{"rendered":"<p>En tout premier, le CA des Biopaniers de Mareil vous pr\u00e9sente ses Meilleurs Voeux pour cette nouvelle ann\u00e9e 2023. Qu&#8217;elle soit sous le signe du bien-\u00eatre, du bien manger, du respect de la biodiversit\u00e9 et de la nature. En ce premier mercredi de l&#8217;ann\u00e9e, il y a livraison des paniers de l\u00e9gumes, des pommes-poires, des &hellip; <\/p>\n<p class=\"link-more\"><a href=\"https:\/\/lesbiopaniersdemareil.org\/index.php\/2023\/01\/03\/distribution-du-mercredi-4-janvier-2023\/\" class=\"more-link\">Continue reading<span class=\"screen-reader-text\"> &#8220;Distribution du mercredi 4 janvier 2023&#8221;<\/span><\/a><\/p>\n","protected":false},"author":25,"featured_media":0,"comment_status":"open","ping_status":"open","sticky":false,"template":"","format":"standard","meta":{"spay_email":"","jetpack_publicize_message":"","jetpack_is_tweetstorm":false,"jetpack_publicize_feature_enabled":true},"categories":[44],"tags":[],"jetpack_featured_media_url":"","jetpack_publicize_connections":[],"jetpack_sharing_enabled":true,"jetpack_shortlink":"https:\/\/wp.me\/pai4cU-wK","_links":{"self":[{"href":"https:\/\/lesbiopaniersdemareil.org\/index.php\/wp-json\/wp\/v2\/posts\/2030"}],"collection":[{"href":"https:\/\/lesbiopaniersdemareil.org\/index.php\/wp-json\/wp\/v2\/posts"}],"about":[{"href":"https:\/\/lesbiopaniersdemareil.org\/index.php\/wp-json\/wp\/v2\/types\/post"}],"author":[{"embeddable":true,"href":"https:\/\/lesbiopaniersdemareil.org\/index.php\/wp-json\/wp\/v2\/users\/25"}],"replies":[{"embeddable":true,"href":"https:\/\/lesbiopaniersdemareil.org\/index.php\/wp-json\/wp\/v2\/comments?post=2030"}],"version-history":[{"count":1,"href":"https:\/\/lesbiopaniersdemareil.org\/index.php\/wp-json\/wp\/v2\/posts\/2030\/revisions"}],"predecessor-version":[{"id":2031,"href":"https:\/\/lesbiopaniersdemareil.org\/index.php\/wp-json\/wp\/v2\/posts\/2030\/revisions\/2031"}],"wp:attachment":[{"href":"https:\/\/lesbiopaniersdemareil.org\/index.php\/wp-json\/wp\/v2\/media?parent=2030"}],"wp:term":[{"taxonomy":"category","embeddable":true,"href":"https:\/\/lesbiopaniersdemareil.org\/index.php\/wp-json\/wp\/v2\/categories?post=2030"},{"taxonomy":"post_tag","embeddable":true,"href":"https:\/\/lesbiopaniersdemareil.org\/index.php\/wp-json\/wp\/v2\/tags?post=2030"}],"curies":[{"name":"wp","href":"https:\/\/api.w.org\/{rel}","templated":true}]}}