{"id":2027,"date":"2022-12-23T12:16:15","date_gmt":"2022-12-23T11:16:15","guid":{"rendered":"http:\/\/lesbiopaniersdemareil.org\/?p=2027"},"modified":"2022-12-23T12:16:26","modified_gmt":"2022-12-23T11:16:26","slug":"distribution-du-mercredi-21-decembre-2022","status":"publish","type":"post","link":"https:\/\/lesbiopaniersdemareil.org\/index.php\/2022\/12\/23\/distribution-du-mercredi-21-decembre-2022\/","title":{"rendered":"Distribution du mercredi 21 d\u00e9cembre 2022"},"content":{"rendered":"\n<p>Ce mercredi il n&#8217;y aura pas de paniers de l\u00e9gumes.<\/p>\n\n\n\n<p>Il y aura les oeufs, la commande sp\u00e9ciale de champignons et la commande sp\u00e9ciale de volailles de f\u00eates (chapons, poulardes, dindes et d\u00e9riv\u00e9s).<\/p>\n\n\n\n<p>Nous vous souhaitons de tr\u00e8s belles f\u00eates de fin d&#8217;ann\u00e9e. Joyeux No\u00ebl.<\/p>\n","protected":false},"excerpt":{"rendered":"<p>Ce mercredi il n&#8217;y aura pas de paniers de l\u00e9gumes. Il y aura les oeufs, la commande sp\u00e9ciale de champignons et la commande sp\u00e9ciale de volailles de f\u00eates (chapons, poulardes, dindes et d\u00e9riv\u00e9s). Nous vous souhaitons de tr\u00e8s belles f\u00eates de fin d&#8217;ann\u00e9e. Joyeux No\u00ebl.<\/p>\n","protected":false},"author":25,"featured_media":0,"comment_status":"open","ping_status":"open","sticky":false,"template":"","format":"standard","meta":{"spay_email":"","jetpack_publicize_message":"","jetpack_is_tweetstorm":false,"jetpack_publicize_feature_enabled":true},"categories":[44],"tags":[],"jetpack_featured_media_url":"","jetpack_publicize_connections":[],"jetpack_sharing_enabled":true,"jetpack_shortlink":"https:\/\/wp.me\/pai4cU-wH","_links":{"self":[{"href":"https:\/\/lesbiopaniersdemareil.org\/index.php\/wp-json\/wp\/v2\/posts\/2027"}],"collection":[{"href":"https:\/\/lesbiopaniersdemareil.org\/index.php\/wp-json\/wp\/v2\/posts"}],"about":[{"href":"https:\/\/lesbiopaniersdemareil.org\/index.php\/wp-json\/wp\/v2\/types\/post"}],"author":[{"embeddable":true,"href":"https:\/\/lesbiopaniersdemareil.org\/index.php\/wp-json\/wp\/v2\/users\/25"}],"replies":[{"embeddable":true,"href":"https:\/\/lesbiopaniersdemareil.org\/index.php\/wp-json\/wp\/v2\/comments?post=2027"}],"version-history":[{"count":1,"href":"https:\/\/lesbiopaniersdemareil.org\/index.php\/wp-json\/wp\/v2\/posts\/2027\/revisions"}],"predecessor-version":[{"id":2028,"href":"https:\/\/lesbiopaniersdemareil.org\/index.php\/wp-json\/wp\/v2\/posts\/2027\/revisions\/2028"}],"wp:attachment":[{"href":"https:\/\/lesbiopaniersdemareil.org\/index.php\/wp-json\/wp\/v2\/media?parent=2027"}],"wp:term":[{"taxonomy":"category","embeddable":true,"href":"https:\/\/lesbiopaniersdemareil.org\/index.php\/wp-json\/wp\/v2\/categories?post=2027"},{"taxonomy":"post_tag","embeddable":true,"href":"https:\/\/lesbiopaniersdemareil.org\/index.php\/wp-json\/wp\/v2\/tags?post=2027"}],"curies":[{"name":"wp","href":"https:\/\/api.w.org\/{rel}","templated":true}]}}