{"id":1995,"date":"2022-11-16T14:00:44","date_gmt":"2022-11-16T13:00:44","guid":{"rendered":"http:\/\/lesbiopaniersdemareil.org\/?p=1995"},"modified":"2022-11-16T14:00:53","modified_gmt":"2022-11-16T13:00:53","slug":"recette-couscous-fenouil-pomme-de-terre","status":"publish","type":"post","link":"https:\/\/lesbiopaniersdemareil.org\/index.php\/2022\/11\/16\/recette-couscous-fenouil-pomme-de-terre\/","title":{"rendered":"Recette COUSCOUS FENOUIL &#8211; POMME DE TERRE"},"content":{"rendered":"\n<p><strong>Ingr\u00e9dients (pour 6 personnes) :<\/strong><\/p>\n\n\n\n<p><strong><em>Pour la garniture :<\/em><\/strong><br>3 petits fenouils<br>3 pommes de terre moyennes (peut \u00eatre remplac\u00e9 par carottes)<br>400g de tomates pel\u00e9es en conserve<br>2 oignons<br>3 gousses d&#8217;ail<br>1\/2 cc de gingembre moulu<br>1 cc de ras el hanout<br>1\/2 cc de cumin moulu<br>piment en poudre (selon le go\u00fbt)<br>6 cs d&#8217;huile d&#8217;olive<br>sel<\/p>\n\n\n\n<p><br><strong><em>Pour la graine :<br><\/em><\/strong>700g de semoule de couscous fine<br>6 cs d&#8217;huile d\u2019olive<br>25g de beurre<br>Sel<\/p>\n\n\n\n<p><strong>Pr\u00e9paration :<\/strong><\/p>\n\n\n\n<p>Nettoyer les bulbes de fenouil et couper en lamelles. Peler et \u00e9craser les gousses d&#8217;ail.<br>\u00c9plucher et \u00e9mince tr\u00e8s finement les oignons. Chauffer l&#8217;huile d&#8217;olive dans une<br>cocotte et faire revenir \u00e0 feu doux les fenouils avec l&#8217;ail et l\u2019oignon. Faire fondre en<br>remuant. <\/p>\n\n\n\n<p>Ajouter les tomates pel\u00e9es et \u00e9craser \u00e0 la fourchette. Ajouter les \u00e9pices et<br>saler.<br>\u00c9plucher les pommes de terre, laver et essuyer, et couper en cubes plut\u00f4t gros.<br>Ajouter \u00e0 la pr\u00e9paration, remuer et mouiller avec 1 litre d&#8217;eau (jusqu\u2019\u00e0 1,5L selon<br>volume l\u00e9gumes). Couvrir et laisser mijoter 30 mn \u00e0 feu moyen (v\u00e9rifier que \u00e7a<br>n\u2019attache pas).<\/p>\n\n\n\n<p><br>Pr\u00e9parer la semoule. Dans un saladier verser la semoule s\u00e8che, l\u2019huile d\u2019olive et<br>m\u00e9langer. Verser de l\u2019eau bouillante jusqu\u2019\u00e0 hauteur de semoule + 0,5cm. Couvrir et<br>laisser gonfler 10 mn. Egrainer \u00e0 la fourchette. Dans une grande po\u00eale faire fondre le<br>beurre et r\u00e9chauffer la semoule en remuant soigneusement.<\/p>\n\n\n\n<p><br>Servir dans un grand plat creux. Disposer les l\u00e9gumes au centre du plat et la semoule<br>tout autour. Servir rapidement pour que le plat reste chaud.<\/p>\n\n\n\n<p>Ajouter merguez ou c\u00f4tes de mouton selon le go\u00fbt.<\/p>\n\n\n\n<p><\/p>\n","protected":false},"excerpt":{"rendered":"<p>Ingr\u00e9dients (pour 6 personnes) : Pour la garniture :3 petits fenouils3 pommes de terre moyennes (peut \u00eatre remplac\u00e9 par carottes)400g de tomates pel\u00e9es en conserve2 oignons3 gousses d&#8217;ail1\/2 cc de gingembre moulu1 cc de ras el hanout1\/2 cc de cumin moulupiment en poudre (selon le go\u00fbt)6 cs d&#8217;huile d&#8217;olivesel Pour la graine :700g de semoule &hellip; <\/p>\n<p class=\"link-more\"><a href=\"https:\/\/lesbiopaniersdemareil.org\/index.php\/2022\/11\/16\/recette-couscous-fenouil-pomme-de-terre\/\" class=\"more-link\">Continue reading<span class=\"screen-reader-text\"> &#8220;Recette COUSCOUS FENOUIL &#8211; POMME DE TERRE&#8221;<\/span><\/a><\/p>\n","protected":false},"author":25,"featured_media":0,"comment_status":"open","ping_status":"open","sticky":false,"template":"","format":"standard","meta":{"spay_email":"","jetpack_publicize_message":"","jetpack_is_tweetstorm":false,"jetpack_publicize_feature_enabled":true},"categories":[4],"tags":[],"jetpack_featured_media_url":"","jetpack_publicize_connections":[],"jetpack_sharing_enabled":true,"jetpack_shortlink":"https:\/\/wp.me\/pai4cU-wb","_links":{"self":[{"href":"https:\/\/lesbiopaniersdemareil.org\/index.php\/wp-json\/wp\/v2\/posts\/1995"}],"collection":[{"href":"https:\/\/lesbiopaniersdemareil.org\/index.php\/wp-json\/wp\/v2\/posts"}],"about":[{"href":"https:\/\/lesbiopaniersdemareil.org\/index.php\/wp-json\/wp\/v2\/types\/post"}],"author":[{"embeddable":true,"href":"https:\/\/lesbiopaniersdemareil.org\/index.php\/wp-json\/wp\/v2\/users\/25"}],"replies":[{"embeddable":true,"href":"https:\/\/lesbiopaniersdemareil.org\/index.php\/wp-json\/wp\/v2\/comments?post=1995"}],"version-history":[{"count":1,"href":"https:\/\/lesbiopaniersdemareil.org\/index.php\/wp-json\/wp\/v2\/posts\/1995\/revisions"}],"predecessor-version":[{"id":1996,"href":"https:\/\/lesbiopaniersdemareil.org\/index.php\/wp-json\/wp\/v2\/posts\/1995\/revisions\/1996"}],"wp:attachment":[{"href":"https:\/\/lesbiopaniersdemareil.org\/index.php\/wp-json\/wp\/v2\/media?parent=1995"}],"wp:term":[{"taxonomy":"category","embeddable":true,"href":"https:\/\/lesbiopaniersdemareil.org\/index.php\/wp-json\/wp\/v2\/categories?post=1995"},{"taxonomy":"post_tag","embeddable":true,"href":"https:\/\/lesbiopaniersdemareil.org\/index.php\/wp-json\/wp\/v2\/tags?post=1995"}],"curies":[{"name":"wp","href":"https:\/\/api.w.org\/{rel}","templated":true}]}}