{"id":1993,"date":"2022-11-16T11:50:05","date_gmt":"2022-11-16T10:50:05","guid":{"rendered":"http:\/\/lesbiopaniersdemareil.org\/?p=1993"},"modified":"2022-11-16T11:50:20","modified_gmt":"2022-11-16T10:50:20","slug":"distribution-de-ce-mercredi-16-novembre-2022","status":"publish","type":"post","link":"https:\/\/lesbiopaniersdemareil.org\/index.php\/2022\/11\/16\/distribution-de-ce-mercredi-16-novembre-2022\/","title":{"rendered":"Distribution de ce mercredi 16 novembre 2022"},"content":{"rendered":"\n<p>Cette semaine, il y a distribution des paniers de l\u00e9gumes et des ch\u00e2taignes et produits d\u00e9riv\u00e9s.<\/p>\n\n\n\n<p><strong>Le PETIT panier comprend :<\/strong><\/p>\n\n\n\n<div class=\"wp-block-group\"><div class=\"wp-block-group__inner-container\">\n<ul><li>1 kg de pommes de terre tendres<\/li><li>1 potimarron<\/li><li>2 fenouils<\/li><li>1 sac de roquette<\/li><li>200 gr de mesclun<\/li><li>750 gr de carottes<\/li><li>2 betteraves crues<\/li><\/ul>\n<\/div><\/div>\n\n\n\n<p><strong>Le panier MOYEN comprend :<\/strong><\/p>\n\n\n\n<div class=\"wp-block-group\"><div class=\"wp-block-group__inner-container\">\n<ul><li>2 kg de pommes de terre tendres<\/li><li>1 potimarron<\/li><li>3 fenouils<\/li><li>1 sac de roquette<\/li><li>1 ciboule<\/li><li>200 gr de mesclun<\/li><li>750 gr de carottes<\/li><li>2 betteraves crues<\/li><\/ul>\n<\/div><\/div>\n\n\n\n<p>Bonne distribution.<\/p>\n","protected":false},"excerpt":{"rendered":"<p>Cette semaine, il y a distribution des paniers de l\u00e9gumes et des ch\u00e2taignes et produits d\u00e9riv\u00e9s. Le PETIT panier comprend : Le panier MOYEN comprend : Bonne distribution.<\/p>\n","protected":false},"author":25,"featured_media":0,"comment_status":"open","ping_status":"open","sticky":false,"template":"","format":"standard","meta":{"spay_email":"","jetpack_publicize_message":"","jetpack_is_tweetstorm":false,"jetpack_publicize_feature_enabled":true},"categories":[44],"tags":[],"jetpack_featured_media_url":"","jetpack_publicize_connections":[],"jetpack_sharing_enabled":true,"jetpack_shortlink":"https:\/\/wp.me\/pai4cU-w9","_links":{"self":[{"href":"https:\/\/lesbiopaniersdemareil.org\/index.php\/wp-json\/wp\/v2\/posts\/1993"}],"collection":[{"href":"https:\/\/lesbiopaniersdemareil.org\/index.php\/wp-json\/wp\/v2\/posts"}],"about":[{"href":"https:\/\/lesbiopaniersdemareil.org\/index.php\/wp-json\/wp\/v2\/types\/post"}],"author":[{"embeddable":true,"href":"https:\/\/lesbiopaniersdemareil.org\/index.php\/wp-json\/wp\/v2\/users\/25"}],"replies":[{"embeddable":true,"href":"https:\/\/lesbiopaniersdemareil.org\/index.php\/wp-json\/wp\/v2\/comments?post=1993"}],"version-history":[{"count":1,"href":"https:\/\/lesbiopaniersdemareil.org\/index.php\/wp-json\/wp\/v2\/posts\/1993\/revisions"}],"predecessor-version":[{"id":1994,"href":"https:\/\/lesbiopaniersdemareil.org\/index.php\/wp-json\/wp\/v2\/posts\/1993\/revisions\/1994"}],"wp:attachment":[{"href":"https:\/\/lesbiopaniersdemareil.org\/index.php\/wp-json\/wp\/v2\/media?parent=1993"}],"wp:term":[{"taxonomy":"category","embeddable":true,"href":"https:\/\/lesbiopaniersdemareil.org\/index.php\/wp-json\/wp\/v2\/categories?post=1993"},{"taxonomy":"post_tag","embeddable":true,"href":"https:\/\/lesbiopaniersdemareil.org\/index.php\/wp-json\/wp\/v2\/tags?post=1993"}],"curies":[{"name":"wp","href":"https:\/\/api.w.org\/{rel}","templated":true}]}}