{"id":1984,"date":"2022-11-01T22:01:43","date_gmt":"2022-11-01T21:01:43","guid":{"rendered":"http:\/\/lesbiopaniersdemareil.org\/?p=1984"},"modified":"2022-11-01T22:02:18","modified_gmt":"2022-11-01T21:02:18","slug":"distribution-de-ce-mercredi-2-novembre-2022","status":"publish","type":"post","link":"https:\/\/lesbiopaniersdemareil.org\/index.php\/2022\/11\/01\/distribution-de-ce-mercredi-2-novembre-2022\/","title":{"rendered":"Distribution de ce mercredi 2 novembre 2022"},"content":{"rendered":"\n<p>Ce mercredi il n&#8217;y a distribution que des paniers de l\u00e9gumes.<\/p>\n\n\n\n<p><strong>Le PETIT panier comprend :<\/strong><\/p>\n\n\n\n<div class=\"wp-block-group\"><div class=\"wp-block-group__inner-container\">\n<ul><li>1 cresson Fontaine<\/li><li>500 gr de tomates rondes<\/li><li>500 gr de blettes<\/li><li>1 salade<\/li><li>1 butternut<\/li><li>1 chou romanesco<\/li><li>400 gr de navets<\/li><\/ul>\n\n\n\n<p><strong>Le panier MOYEN comprend :<\/strong><\/p>\n\n\n\n<div class=\"wp-block-group\"><div class=\"wp-block-group__inner-container\">\n<ul><li>1 cresson Fontaine<\/li><li>1 kg de tomates rondes<\/li><li>800 gr de blettes<\/li><li>1 salade<\/li><li>1 butternut<\/li><li>1 botte de persil<\/li><li>1 chou romanesco<\/li><li>500 gr de navets<\/li><\/ul>\n\n\n\n<p>Bonne distribution<\/p>\n\n\n\n<p>Eric Delaneau (r\u00e9f\u00e9rent mara\u00eechers)<\/p>\n<\/div><\/div>\n<\/div><\/div>\n","protected":false},"excerpt":{"rendered":"<p>Ce mercredi il n&#8217;y a distribution que des paniers de l\u00e9gumes. Le PETIT panier comprend :<\/p>\n","protected":false},"author":25,"featured_media":0,"comment_status":"open","ping_status":"open","sticky":false,"template":"","format":"standard","meta":{"spay_email":"","jetpack_publicize_message":"","jetpack_is_tweetstorm":false,"jetpack_publicize_feature_enabled":true},"categories":[44],"tags":[],"jetpack_featured_media_url":"","jetpack_publicize_connections":[],"jetpack_sharing_enabled":true,"jetpack_shortlink":"https:\/\/wp.me\/pai4cU-w0","_links":{"self":[{"href":"https:\/\/lesbiopaniersdemareil.org\/index.php\/wp-json\/wp\/v2\/posts\/1984"}],"collection":[{"href":"https:\/\/lesbiopaniersdemareil.org\/index.php\/wp-json\/wp\/v2\/posts"}],"about":[{"href":"https:\/\/lesbiopaniersdemareil.org\/index.php\/wp-json\/wp\/v2\/types\/post"}],"author":[{"embeddable":true,"href":"https:\/\/lesbiopaniersdemareil.org\/index.php\/wp-json\/wp\/v2\/users\/25"}],"replies":[{"embeddable":true,"href":"https:\/\/lesbiopaniersdemareil.org\/index.php\/wp-json\/wp\/v2\/comments?post=1984"}],"version-history":[{"count":1,"href":"https:\/\/lesbiopaniersdemareil.org\/index.php\/wp-json\/wp\/v2\/posts\/1984\/revisions"}],"predecessor-version":[{"id":1985,"href":"https:\/\/lesbiopaniersdemareil.org\/index.php\/wp-json\/wp\/v2\/posts\/1984\/revisions\/1985"}],"wp:attachment":[{"href":"https:\/\/lesbiopaniersdemareil.org\/index.php\/wp-json\/wp\/v2\/media?parent=1984"}],"wp:term":[{"taxonomy":"category","embeddable":true,"href":"https:\/\/lesbiopaniersdemareil.org\/index.php\/wp-json\/wp\/v2\/categories?post=1984"},{"taxonomy":"post_tag","embeddable":true,"href":"https:\/\/lesbiopaniersdemareil.org\/index.php\/wp-json\/wp\/v2\/tags?post=1984"}],"curies":[{"name":"wp","href":"https:\/\/api.w.org\/{rel}","templated":true}]}}