{"id":1959,"date":"2022-10-08T20:52:53","date_gmt":"2022-10-08T18:52:53","guid":{"rendered":"http:\/\/lesbiopaniersdemareil.org\/?p=1959"},"modified":"2022-10-08T20:53:24","modified_gmt":"2022-10-08T18:53:24","slug":"derniere-distribution-de-la-saison-2021-2022-le-mercredi-28-septembre","status":"publish","type":"post","link":"https:\/\/lesbiopaniersdemareil.org\/index.php\/2022\/10\/08\/derniere-distribution-de-la-saison-2021-2022-le-mercredi-28-septembre\/","title":{"rendered":"Derni\u00e8re distribution de la saison 2021-2022, le mercredi 28 septembre"},"content":{"rendered":"\n<p>Le mercredi 28 septembre, il y a distributions des paniers l\u00e9gumes, des champignons, des pommes-poires, des poulets et des oeufs , des fromages et laitages de ch\u00e8vre.<\/p>\n\n\n\n<p><strong>Le PETIT panier est compos\u00e9 de :<\/strong><\/p>\n\n\n\n<div class=\"wp-block-group\"><div class=\"wp-block-group__inner-container\">\n<ul><li>200 gr de mesclun<\/li><li>500 gr d&#8217;haricots verts<\/li><li>1 chou chinois<\/li><li>500 gr de poireaux<\/li><li>1 c\u00e9leri branche<\/li><li>500 gr de betterave cuites<\/li><\/ul>\n\n\n\n<p><strong>Le panier MOYEN est compos\u00e9 de :<\/strong><\/p>\n\n\n\n<div class=\"wp-block-group\"><div class=\"wp-block-group__inner-container\">\n<ul><li>1 kg de tomates rondes<\/li><li>800 gr de courgettes<\/li><li>200 gr de mesclun<\/li><li>700 gr d&#8217;haricots verts<\/li><li>500 gr de poireaux<\/li><li>1 c\u00e9leri branche<\/li><li>500 gr de betterave cuites<\/li><\/ul>\n\n\n\n<p><strong>Le GRAND panier est compos\u00e9 de :<\/strong><\/p>\n\n\n\n<div class=\"wp-block-group\"><div class=\"wp-block-group__inner-container\">\n<ul><li>1 kg de tomates rondes<\/li><li>1 kg de courgettes<\/li><li>200 gr de mesclun<\/li><li>700 gr d&#8217;haricots verts<\/li><li>800 gr d&#8217;\u00e9pinards<\/li><li>500 gr de poireaux<\/li><li>1 c\u00e9leri branche<\/li><li>500 gr de betterave cuites<\/li><\/ul>\n\n\n\n<p>Bonne distribution.<\/p>\n<\/div><\/div>\n<\/div><\/div>\n<\/div><\/div>\n\n\n\n<p><\/p>\n","protected":false},"excerpt":{"rendered":"<p>Le mercredi 28 septembre, il y a distributions des paniers l\u00e9gumes, des champignons, des pommes-poires, des poulets et des oeufs , des fromages et laitages de ch\u00e8vre. Le PETIT panier est compos\u00e9 de :<\/p>\n","protected":false},"author":25,"featured_media":0,"comment_status":"open","ping_status":"open","sticky":false,"template":"","format":"standard","meta":{"spay_email":"","jetpack_publicize_message":"","jetpack_is_tweetstorm":false,"jetpack_publicize_feature_enabled":true},"categories":[44],"tags":[],"jetpack_featured_media_url":"","jetpack_publicize_connections":[],"jetpack_sharing_enabled":true,"jetpack_shortlink":"https:\/\/wp.me\/pai4cU-vB","_links":{"self":[{"href":"https:\/\/lesbiopaniersdemareil.org\/index.php\/wp-json\/wp\/v2\/posts\/1959"}],"collection":[{"href":"https:\/\/lesbiopaniersdemareil.org\/index.php\/wp-json\/wp\/v2\/posts"}],"about":[{"href":"https:\/\/lesbiopaniersdemareil.org\/index.php\/wp-json\/wp\/v2\/types\/post"}],"author":[{"embeddable":true,"href":"https:\/\/lesbiopaniersdemareil.org\/index.php\/wp-json\/wp\/v2\/users\/25"}],"replies":[{"embeddable":true,"href":"https:\/\/lesbiopaniersdemareil.org\/index.php\/wp-json\/wp\/v2\/comments?post=1959"}],"version-history":[{"count":1,"href":"https:\/\/lesbiopaniersdemareil.org\/index.php\/wp-json\/wp\/v2\/posts\/1959\/revisions"}],"predecessor-version":[{"id":1960,"href":"https:\/\/lesbiopaniersdemareil.org\/index.php\/wp-json\/wp\/v2\/posts\/1959\/revisions\/1960"}],"wp:attachment":[{"href":"https:\/\/lesbiopaniersdemareil.org\/index.php\/wp-json\/wp\/v2\/media?parent=1959"}],"wp:term":[{"taxonomy":"category","embeddable":true,"href":"https:\/\/lesbiopaniersdemareil.org\/index.php\/wp-json\/wp\/v2\/categories?post=1959"},{"taxonomy":"post_tag","embeddable":true,"href":"https:\/\/lesbiopaniersdemareil.org\/index.php\/wp-json\/wp\/v2\/tags?post=1959"}],"curies":[{"name":"wp","href":"https:\/\/api.w.org\/{rel}","templated":true}]}}