{"id":1955,"date":"2022-09-13T22:32:40","date_gmt":"2022-09-13T20:32:40","guid":{"rendered":"http:\/\/lesbiopaniersdemareil.org\/?p=1955"},"modified":"2022-09-13T22:33:44","modified_gmt":"2022-09-13T20:33:44","slug":"la-nouvelle-saison-de-lamap-commence-le-5-octobre-les-inscriptions-se-feront-les-mercredi-21-et-28-septembre-en-meme-temps-que-la-distribution","status":"publish","type":"post","link":"https:\/\/lesbiopaniersdemareil.org\/index.php\/2022\/09\/13\/la-nouvelle-saison-de-lamap-commence-le-5-octobre-les-inscriptions-se-feront-les-mercredi-21-et-28-septembre-en-meme-temps-que-la-distribution\/","title":{"rendered":"La nouvelle saison de l&#8217;Amap commence le 5 octobre. Les inscriptions se feront les mercredi 21 et 28 septembre en m\u00eame temps que la distribution."},"content":{"rendered":"\n<p><strong>Vous souhaitez b\u00e9n\u00e9ficier des produits de l&#8217;Amap de Mareil<\/strong>, mais vous ne vous \u00eates pas encore inscrits. <strong>C&#8217;est le moment. Envoyez un email \u00e0 notre association avant le 18 septembre<\/strong> pour que l&#8217;on vous contacte pour l&#8217;inscription : <strong>amapbiomareil@gmail.com<\/strong><\/p>\n\n\n\n<p><\/p>\n","protected":false},"excerpt":{"rendered":"<p>Vous souhaitez b\u00e9n\u00e9ficier des produits de l&#8217;Amap de Mareil, mais vous ne vous \u00eates pas encore inscrits. C&#8217;est le moment. Envoyez un email \u00e0 notre association avant le 18 septembre pour que l&#8217;on vous contacte pour l&#8217;inscription : amapbiomareil@gmail.com<\/p>\n","protected":false},"author":25,"featured_media":0,"comment_status":"open","ping_status":"open","sticky":false,"template":"","format":"standard","meta":{"spay_email":"","jetpack_publicize_message":"","jetpack_is_tweetstorm":false,"jetpack_publicize_feature_enabled":true},"categories":[53],"tags":[],"jetpack_featured_media_url":"","jetpack_publicize_connections":[],"jetpack_sharing_enabled":true,"jetpack_shortlink":"https:\/\/wp.me\/pai4cU-vx","_links":{"self":[{"href":"https:\/\/lesbiopaniersdemareil.org\/index.php\/wp-json\/wp\/v2\/posts\/1955"}],"collection":[{"href":"https:\/\/lesbiopaniersdemareil.org\/index.php\/wp-json\/wp\/v2\/posts"}],"about":[{"href":"https:\/\/lesbiopaniersdemareil.org\/index.php\/wp-json\/wp\/v2\/types\/post"}],"author":[{"embeddable":true,"href":"https:\/\/lesbiopaniersdemareil.org\/index.php\/wp-json\/wp\/v2\/users\/25"}],"replies":[{"embeddable":true,"href":"https:\/\/lesbiopaniersdemareil.org\/index.php\/wp-json\/wp\/v2\/comments?post=1955"}],"version-history":[{"count":2,"href":"https:\/\/lesbiopaniersdemareil.org\/index.php\/wp-json\/wp\/v2\/posts\/1955\/revisions"}],"predecessor-version":[{"id":1957,"href":"https:\/\/lesbiopaniersdemareil.org\/index.php\/wp-json\/wp\/v2\/posts\/1955\/revisions\/1957"}],"wp:attachment":[{"href":"https:\/\/lesbiopaniersdemareil.org\/index.php\/wp-json\/wp\/v2\/media?parent=1955"}],"wp:term":[{"taxonomy":"category","embeddable":true,"href":"https:\/\/lesbiopaniersdemareil.org\/index.php\/wp-json\/wp\/v2\/categories?post=1955"},{"taxonomy":"post_tag","embeddable":true,"href":"https:\/\/lesbiopaniersdemareil.org\/index.php\/wp-json\/wp\/v2\/tags?post=1955"}],"curies":[{"name":"wp","href":"https:\/\/api.w.org\/{rel}","templated":true}]}}