{"id":1950,"date":"2022-09-07T11:50:49","date_gmt":"2022-09-07T09:50:49","guid":{"rendered":"http:\/\/lesbiopaniersdemareil.org\/?p=1950"},"modified":"2022-09-07T11:50:49","modified_gmt":"2022-09-07T09:50:49","slug":"5eme-lettre-dinfo-de-nos-maraichers-de-la-ptite-coop","status":"publish","type":"post","link":"https:\/\/lesbiopaniersdemareil.org\/index.php\/2022\/09\/07\/5eme-lettre-dinfo-de-nos-maraichers-de-la-ptite-coop\/","title":{"rendered":"5\u00e8me lettre d\u2019info de nos mara\u00eechers de La Ptite Coop"},"content":{"rendered":"\n<p>Voici la 5\u00e8me lettre d\u2019info de l\u2019ann\u00e9e de nos maraichers, La P\u2019tite Coop, Annick, Laure, Christophe et Thibault. La lettre de fin d&#8217;\u00e9t\u00e9 &#8211; d\u00e9but d&#8217;automne.<\/p>\n\n\n\n<p>Nous vous invitons \u00e0 la d\u00e9couvrir.<\/p>\n\n\n\n<div class=\"wp-block-file\"><a href=\"http:\/\/lesbiopaniersdemareil.org\/wp-content\/uploads\/2022\/09\/BULLETIN-DINFORMATION-N\u00b05.pdf\">BULLETIN-DINFORMATION-N\u00b05<\/a><a href=\"http:\/\/lesbiopaniersdemareil.org\/wp-content\/uploads\/2022\/09\/BULLETIN-DINFORMATION-N\u00b05.pdf\" class=\"wp-block-file__button\" download>Download<\/a><\/div>\n","protected":false},"excerpt":{"rendered":"<p>Voici la 5\u00e8me lettre d\u2019info de l\u2019ann\u00e9e de nos maraichers, La P\u2019tite Coop, Annick, Laure, Christophe et Thibault. La lettre de fin d&#8217;\u00e9t\u00e9 &#8211; d\u00e9but d&#8217;automne. Nous vous invitons \u00e0 la d\u00e9couvrir.<\/p>\n","protected":false},"author":25,"featured_media":0,"comment_status":"open","ping_status":"open","sticky":false,"template":"","format":"standard","meta":{"spay_email":"","jetpack_publicize_message":"","jetpack_is_tweetstorm":false,"jetpack_publicize_feature_enabled":true},"categories":[1],"tags":[],"jetpack_featured_media_url":"","jetpack_publicize_connections":[],"jetpack_sharing_enabled":true,"jetpack_shortlink":"https:\/\/wp.me\/pai4cU-vs","_links":{"self":[{"href":"https:\/\/lesbiopaniersdemareil.org\/index.php\/wp-json\/wp\/v2\/posts\/1950"}],"collection":[{"href":"https:\/\/lesbiopaniersdemareil.org\/index.php\/wp-json\/wp\/v2\/posts"}],"about":[{"href":"https:\/\/lesbiopaniersdemareil.org\/index.php\/wp-json\/wp\/v2\/types\/post"}],"author":[{"embeddable":true,"href":"https:\/\/lesbiopaniersdemareil.org\/index.php\/wp-json\/wp\/v2\/users\/25"}],"replies":[{"embeddable":true,"href":"https:\/\/lesbiopaniersdemareil.org\/index.php\/wp-json\/wp\/v2\/comments?post=1950"}],"version-history":[{"count":1,"href":"https:\/\/lesbiopaniersdemareil.org\/index.php\/wp-json\/wp\/v2\/posts\/1950\/revisions"}],"predecessor-version":[{"id":1952,"href":"https:\/\/lesbiopaniersdemareil.org\/index.php\/wp-json\/wp\/v2\/posts\/1950\/revisions\/1952"}],"wp:attachment":[{"href":"https:\/\/lesbiopaniersdemareil.org\/index.php\/wp-json\/wp\/v2\/media?parent=1950"}],"wp:term":[{"taxonomy":"category","embeddable":true,"href":"https:\/\/lesbiopaniersdemareil.org\/index.php\/wp-json\/wp\/v2\/categories?post=1950"},{"taxonomy":"post_tag","embeddable":true,"href":"https:\/\/lesbiopaniersdemareil.org\/index.php\/wp-json\/wp\/v2\/tags?post=1950"}],"curies":[{"name":"wp","href":"https:\/\/api.w.org\/{rel}","templated":true}]}}