{"id":1935,"date":"2022-08-24T22:18:59","date_gmt":"2022-08-24T20:18:59","guid":{"rendered":"http:\/\/lesbiopaniersdemareil.org\/?p=1935"},"modified":"2022-08-24T22:19:12","modified_gmt":"2022-08-24T20:19:12","slug":"clafoutis-a-la-tetragone","status":"publish","type":"post","link":"https:\/\/lesbiopaniersdemareil.org\/index.php\/2022\/08\/24\/clafoutis-a-la-tetragone\/","title":{"rendered":"Clafoutis \u00e0 la t\u00e9tragone"},"content":{"rendered":"\n<figure class=\"wp-block-image is-resized\"><img loading=\"lazy\" src=\"https:\/\/media.paperblog.fr\/i\/773\/7738339\/clafoutis-tetragone-vegetarien-L-sPXuQa.jpeg\" alt=\"Clafoutis \u00e0 la T\u00e9tragone (v\u00e9g\u00e9tarien) - \u00c0 Lire\" width=\"333\" height=\"250\"\/><\/figure>\n\n\n\n<p><strong>Ingr\u00e9dients pour 2 personnes :<\/strong><\/p>\n\n\n\n<div class=\"wp-block-group\"><div class=\"wp-block-group__inner-container\">\n<ul><li>500g t\u00e9tragone<\/li><li>50g farine<\/li><li>30g parmesan<\/li><li>1 oeuf<\/li><li>1 gousse d\u2019ail \u00e9minc\u00e9e<\/li><li>12cl lait<\/li><\/ul>\n\n\n\n<p><strong>Pr\u00e9paration :<\/strong><\/p>\n\n\n\n<ul><li>Pr\u00e9chauffer le four \u00e0 180\u00b0C. <\/li><li>Laver et effeuiller la t\u00e9tragone.<\/li><li>Faire fondre dans un peu d\u2019huile d\u2019olive ou de beurre en remuant constamment. <\/li><li>R\u00e9server.<\/li><li>Dans un saladier, verser la farine et l\u2019oeuf au centre. <\/li><li>M\u00e9langer doucement en ajoutant le lait progressivement. <\/li><li>Ajouter l\u2019ail, saler et poivrer. <\/li><li>Ajouter le parmesan et la t\u00e9tragone bien essor\u00e9e.<\/li><li>Verser dans un plat \u00e0 gratin huil\u00e9 et enfourner 40 \u00e0 45 mn.<\/li><li>D\u00e9guster chaud avec un l\u00e9gume ou froid avec une salade verte.<\/li><\/ul>\n<\/div><\/div>\n\n\n\n<p><\/p>\n","protected":false},"excerpt":{"rendered":"<p>Ingr\u00e9dients pour 2 personnes :<\/p>\n","protected":false},"author":25,"featured_media":0,"comment_status":"open","ping_status":"open","sticky":false,"template":"","format":"standard","meta":{"spay_email":"","jetpack_publicize_message":"","jetpack_is_tweetstorm":false,"jetpack_publicize_feature_enabled":true},"categories":[4],"tags":[],"jetpack_featured_media_url":"","jetpack_publicize_connections":[],"jetpack_sharing_enabled":true,"jetpack_shortlink":"https:\/\/wp.me\/pai4cU-vd","_links":{"self":[{"href":"https:\/\/lesbiopaniersdemareil.org\/index.php\/wp-json\/wp\/v2\/posts\/1935"}],"collection":[{"href":"https:\/\/lesbiopaniersdemareil.org\/index.php\/wp-json\/wp\/v2\/posts"}],"about":[{"href":"https:\/\/lesbiopaniersdemareil.org\/index.php\/wp-json\/wp\/v2\/types\/post"}],"author":[{"embeddable":true,"href":"https:\/\/lesbiopaniersdemareil.org\/index.php\/wp-json\/wp\/v2\/users\/25"}],"replies":[{"embeddable":true,"href":"https:\/\/lesbiopaniersdemareil.org\/index.php\/wp-json\/wp\/v2\/comments?post=1935"}],"version-history":[{"count":1,"href":"https:\/\/lesbiopaniersdemareil.org\/index.php\/wp-json\/wp\/v2\/posts\/1935\/revisions"}],"predecessor-version":[{"id":1936,"href":"https:\/\/lesbiopaniersdemareil.org\/index.php\/wp-json\/wp\/v2\/posts\/1935\/revisions\/1936"}],"wp:attachment":[{"href":"https:\/\/lesbiopaniersdemareil.org\/index.php\/wp-json\/wp\/v2\/media?parent=1935"}],"wp:term":[{"taxonomy":"category","embeddable":true,"href":"https:\/\/lesbiopaniersdemareil.org\/index.php\/wp-json\/wp\/v2\/categories?post=1935"},{"taxonomy":"post_tag","embeddable":true,"href":"https:\/\/lesbiopaniersdemareil.org\/index.php\/wp-json\/wp\/v2\/tags?post=1935"}],"curies":[{"name":"wp","href":"https:\/\/api.w.org\/{rel}","templated":true}]}}