{"id":1933,"date":"2022-08-24T22:14:16","date_gmt":"2022-08-24T20:14:16","guid":{"rendered":"http:\/\/lesbiopaniersdemareil.org\/?p=1933"},"modified":"2022-08-24T22:21:02","modified_gmt":"2022-08-24T20:21:02","slug":"la-tetragone","status":"publish","type":"post","link":"https:\/\/lesbiopaniersdemareil.org\/index.php\/2022\/08\/24\/la-tetragone\/","title":{"rendered":"La TETRAGONE"},"content":{"rendered":"\n<p><strong>La t\u00e9tragone&nbsp;: un parfait substitut \u00e0 l\u2019\u00e9pinard.<\/strong><\/p>\n\n\n\n<p>La\u00a0<strong>t\u00e9tragone<\/strong>\u00a0est une plante annuelle qui pr\u00e9sente de nombreux\u00a0<strong>avantages<\/strong>\u00a0:  elle est\u00a0<strong>simple<\/strong>\u00a0\u00e0 cultiver, supporte bien la\u00a0<strong>s\u00e9cheresse<\/strong>\u00a0et, de ce fait, peut facilement remplacer nos classiques \u00e9pinards au potager. Son go\u00fbt est, en effet, tr\u00e8s proche du l\u00e9gume\u2011feuille que nous avons l\u2019habitude de consommer. Cette caract\u00e9ristique et son pays d\u2019origine lui ont d\u2019ailleurs valu son autre nom\u00a0: \u00ab\u00a0\u00e9pinard de Nouvelle\u2011Z\u00e9lande\u00a0\u00bb.<\/p>\n\n\n\n<p>Elle se pr\u00e9pare g\u00e9n\u00e9ralement cuite comme des \u00e9pinards. Les tr\u00e8s jeunes<br>feuilles peuvent aussi se consommer crues, en salade.<br>Comme elle r\u00e9duit beaucoup \u00e0 la cuisson, il faut pr\u00e9voir, en cru, le double du<br>poids cuit.<\/p>\n\n\n\n<figure class=\"wp-block-image\"><img src=\"https:\/\/binette-et-cornichon.com\/bundles\/chouchieplant\/images\/plants\/tetragone\/plant.jpg\" alt=\"T\u00e9tragone | Culture, semis et r\u00e9colte au potager.\"\/><\/figure>\n","protected":false},"excerpt":{"rendered":"<p>La t\u00e9tragone&nbsp;: un parfait substitut \u00e0 l\u2019\u00e9pinard. La\u00a0t\u00e9tragone\u00a0est une plante annuelle qui pr\u00e9sente de nombreux\u00a0avantages\u00a0: elle est\u00a0simple\u00a0\u00e0 cultiver, supporte bien la\u00a0s\u00e9cheresse\u00a0et, de ce fait, peut facilement remplacer nos classiques \u00e9pinards au potager. Son go\u00fbt est, en effet, tr\u00e8s proche du l\u00e9gume\u2011feuille que nous avons l\u2019habitude de consommer. Cette caract\u00e9ristique et son pays d\u2019origine lui ont &hellip; <\/p>\n<p class=\"link-more\"><a href=\"https:\/\/lesbiopaniersdemareil.org\/index.php\/2022\/08\/24\/la-tetragone\/\" class=\"more-link\">Continue reading<span class=\"screen-reader-text\"> &#8220;La TETRAGONE&#8221;<\/span><\/a><\/p>\n","protected":false},"author":25,"featured_media":0,"comment_status":"open","ping_status":"open","sticky":false,"template":"","format":"standard","meta":{"spay_email":"","jetpack_publicize_message":"","jetpack_is_tweetstorm":false,"jetpack_publicize_feature_enabled":true},"categories":[4],"tags":[],"jetpack_featured_media_url":"","jetpack_publicize_connections":[],"jetpack_sharing_enabled":true,"jetpack_shortlink":"https:\/\/wp.me\/pai4cU-vb","_links":{"self":[{"href":"https:\/\/lesbiopaniersdemareil.org\/index.php\/wp-json\/wp\/v2\/posts\/1933"}],"collection":[{"href":"https:\/\/lesbiopaniersdemareil.org\/index.php\/wp-json\/wp\/v2\/posts"}],"about":[{"href":"https:\/\/lesbiopaniersdemareil.org\/index.php\/wp-json\/wp\/v2\/types\/post"}],"author":[{"embeddable":true,"href":"https:\/\/lesbiopaniersdemareil.org\/index.php\/wp-json\/wp\/v2\/users\/25"}],"replies":[{"embeddable":true,"href":"https:\/\/lesbiopaniersdemareil.org\/index.php\/wp-json\/wp\/v2\/comments?post=1933"}],"version-history":[{"count":3,"href":"https:\/\/lesbiopaniersdemareil.org\/index.php\/wp-json\/wp\/v2\/posts\/1933\/revisions"}],"predecessor-version":[{"id":1938,"href":"https:\/\/lesbiopaniersdemareil.org\/index.php\/wp-json\/wp\/v2\/posts\/1933\/revisions\/1938"}],"wp:attachment":[{"href":"https:\/\/lesbiopaniersdemareil.org\/index.php\/wp-json\/wp\/v2\/media?parent=1933"}],"wp:term":[{"taxonomy":"category","embeddable":true,"href":"https:\/\/lesbiopaniersdemareil.org\/index.php\/wp-json\/wp\/v2\/categories?post=1933"},{"taxonomy":"post_tag","embeddable":true,"href":"https:\/\/lesbiopaniersdemareil.org\/index.php\/wp-json\/wp\/v2\/tags?post=1933"}],"curies":[{"name":"wp","href":"https:\/\/api.w.org\/{rel}","templated":true}]}}