{"id":1923,"date":"2022-08-11T13:22:03","date_gmt":"2022-08-11T11:22:03","guid":{"rendered":"http:\/\/lesbiopaniersdemareil.org\/?p=1923"},"modified":"2022-08-11T13:22:57","modified_gmt":"2022-08-11T11:22:57","slug":"reprise-des-distributions-des-paniers-de-legumes-le-mercredi-17-aout","status":"publish","type":"post","link":"https:\/\/lesbiopaniersdemareil.org\/index.php\/2022\/08\/11\/reprise-des-distributions-des-paniers-de-legumes-le-mercredi-17-aout\/","title":{"rendered":"Reprise des distributions des paniers de l\u00e9gumes le mercredi 17 ao\u00fbt."},"content":{"rendered":"\n<p>Les <strong>mercredis 17 et 24 ao\u00fbt<\/strong>, il n&#8217;y aura <strong>distribution que des paniers de l\u00e9gumes. <\/strong><\/p>\n\n\n\n<p>Les autres produits reprennent \u00e0 partir du mercredi 31 ao\u00fbt.<\/p>\n\n\n\n<p>Bonnes vacances \u00e0 tous.<\/p>\n","protected":false},"excerpt":{"rendered":"<p>Les mercredis 17 et 24 ao\u00fbt, il n&#8217;y aura distribution que des paniers de l\u00e9gumes. Les autres produits reprennent \u00e0 partir du mercredi 31 ao\u00fbt. Bonnes vacances \u00e0 tous.<\/p>\n","protected":false},"author":25,"featured_media":0,"comment_status":"open","ping_status":"open","sticky":false,"template":"","format":"standard","meta":{"spay_email":"","jetpack_publicize_message":"","jetpack_is_tweetstorm":false,"jetpack_publicize_feature_enabled":true},"categories":[44],"tags":[],"jetpack_featured_media_url":"","jetpack_publicize_connections":[],"jetpack_sharing_enabled":true,"jetpack_shortlink":"https:\/\/wp.me\/pai4cU-v1","_links":{"self":[{"href":"https:\/\/lesbiopaniersdemareil.org\/index.php\/wp-json\/wp\/v2\/posts\/1923"}],"collection":[{"href":"https:\/\/lesbiopaniersdemareil.org\/index.php\/wp-json\/wp\/v2\/posts"}],"about":[{"href":"https:\/\/lesbiopaniersdemareil.org\/index.php\/wp-json\/wp\/v2\/types\/post"}],"author":[{"embeddable":true,"href":"https:\/\/lesbiopaniersdemareil.org\/index.php\/wp-json\/wp\/v2\/users\/25"}],"replies":[{"embeddable":true,"href":"https:\/\/lesbiopaniersdemareil.org\/index.php\/wp-json\/wp\/v2\/comments?post=1923"}],"version-history":[{"count":1,"href":"https:\/\/lesbiopaniersdemareil.org\/index.php\/wp-json\/wp\/v2\/posts\/1923\/revisions"}],"predecessor-version":[{"id":1924,"href":"https:\/\/lesbiopaniersdemareil.org\/index.php\/wp-json\/wp\/v2\/posts\/1923\/revisions\/1924"}],"wp:attachment":[{"href":"https:\/\/lesbiopaniersdemareil.org\/index.php\/wp-json\/wp\/v2\/media?parent=1923"}],"wp:term":[{"taxonomy":"category","embeddable":true,"href":"https:\/\/lesbiopaniersdemareil.org\/index.php\/wp-json\/wp\/v2\/categories?post=1923"},{"taxonomy":"post_tag","embeddable":true,"href":"https:\/\/lesbiopaniersdemareil.org\/index.php\/wp-json\/wp\/v2\/tags?post=1923"}],"curies":[{"name":"wp","href":"https:\/\/api.w.org\/{rel}","templated":true}]}}