{"id":1921,"date":"2022-08-11T13:18:59","date_gmt":"2022-08-11T11:18:59","guid":{"rendered":"http:\/\/lesbiopaniersdemareil.org\/?p=1921"},"modified":"2022-08-11T13:27:31","modified_gmt":"2022-08-11T11:27:31","slug":"pas-de-dustribution-de-legumes-les-3-et-10-aout-2022","status":"publish","type":"post","link":"https:\/\/lesbiopaniersdemareil.org\/index.php\/2022\/08\/11\/pas-de-dustribution-de-legumes-les-3-et-10-aout-2022\/","title":{"rendered":"PAS DE DISTRIBUTION DE LEGUMES LES 3 ET 10 AOUT 2022"},"content":{"rendered":"\n<p><strong>La coupure estivale des distributions de l\u00e9gumes se fait sur les mercredi 3 et 10 ao\u00fbt 2022.<\/strong><\/p>\n\n\n\n<p><strong>Le mercredi 3 ao\u00fbt<\/strong>, il y a juste la <strong>distribution des fromages et laitages de ch\u00e8vres.<\/strong><\/p>\n","protected":false},"excerpt":{"rendered":"<p>La coupure estivale des distributions de l\u00e9gumes se fait sur les mercredi 3 et 10 ao\u00fbt 2022. Le mercredi 3 ao\u00fbt, il y a juste la distribution des fromages et laitages de ch\u00e8vres.<\/p>\n","protected":false},"author":25,"featured_media":0,"comment_status":"open","ping_status":"open","sticky":false,"template":"","format":"standard","meta":{"spay_email":"","jetpack_publicize_message":"","jetpack_is_tweetstorm":false,"jetpack_publicize_feature_enabled":true},"categories":[44],"tags":[],"jetpack_featured_media_url":"","jetpack_publicize_connections":[],"jetpack_sharing_enabled":true,"jetpack_shortlink":"https:\/\/wp.me\/pai4cU-uZ","_links":{"self":[{"href":"https:\/\/lesbiopaniersdemareil.org\/index.php\/wp-json\/wp\/v2\/posts\/1921"}],"collection":[{"href":"https:\/\/lesbiopaniersdemareil.org\/index.php\/wp-json\/wp\/v2\/posts"}],"about":[{"href":"https:\/\/lesbiopaniersdemareil.org\/index.php\/wp-json\/wp\/v2\/types\/post"}],"author":[{"embeddable":true,"href":"https:\/\/lesbiopaniersdemareil.org\/index.php\/wp-json\/wp\/v2\/users\/25"}],"replies":[{"embeddable":true,"href":"https:\/\/lesbiopaniersdemareil.org\/index.php\/wp-json\/wp\/v2\/comments?post=1921"}],"version-history":[{"count":3,"href":"https:\/\/lesbiopaniersdemareil.org\/index.php\/wp-json\/wp\/v2\/posts\/1921\/revisions"}],"predecessor-version":[{"id":1926,"href":"https:\/\/lesbiopaniersdemareil.org\/index.php\/wp-json\/wp\/v2\/posts\/1921\/revisions\/1926"}],"wp:attachment":[{"href":"https:\/\/lesbiopaniersdemareil.org\/index.php\/wp-json\/wp\/v2\/media?parent=1921"}],"wp:term":[{"taxonomy":"category","embeddable":true,"href":"https:\/\/lesbiopaniersdemareil.org\/index.php\/wp-json\/wp\/v2\/categories?post=1921"},{"taxonomy":"post_tag","embeddable":true,"href":"https:\/\/lesbiopaniersdemareil.org\/index.php\/wp-json\/wp\/v2\/tags?post=1921"}],"curies":[{"name":"wp","href":"https:\/\/api.w.org\/{rel}","templated":true}]}}