{"id":1915,"date":"2022-07-20T14:00:39","date_gmt":"2022-07-20T12:00:39","guid":{"rendered":"http:\/\/lesbiopaniersdemareil.org\/?p=1915"},"modified":"2022-07-20T14:03:18","modified_gmt":"2022-07-20T12:03:18","slug":"tarte-rustique-tomate-et-tapenade","status":"publish","type":"post","link":"https:\/\/lesbiopaniersdemareil.org\/index.php\/2022\/07\/20\/tarte-rustique-tomate-et-tapenade\/","title":{"rendered":"Tarte rustique tomate et tapenade"},"content":{"rendered":"\n<div class=\"wp-block-group\"><div class=\"wp-block-group__inner-container\">\n<figure class=\"wp-block-image size-large\"><img loading=\"lazy\" width=\"1024\" height=\"678\" src=\"http:\/\/lesbiopaniersdemareil.org\/wp-content\/uploads\/2022\/07\/ob_d56324_6872-tarte-rustique-tapenade-d-olives-1024x678.jpg\" alt=\"\" class=\"wp-image-1918\" srcset=\"https:\/\/lesbiopaniersdemareil.org\/wp-content\/uploads\/2022\/07\/ob_d56324_6872-tarte-rustique-tapenade-d-olives-1024x678.jpg 1024w, https:\/\/lesbiopaniersdemareil.org\/wp-content\/uploads\/2022\/07\/ob_d56324_6872-tarte-rustique-tapenade-d-olives-300x199.jpg 300w, https:\/\/lesbiopaniersdemareil.org\/wp-content\/uploads\/2022\/07\/ob_d56324_6872-tarte-rustique-tapenade-d-olives-768x509.jpg 768w, https:\/\/lesbiopaniersdemareil.org\/wp-content\/uploads\/2022\/07\/ob_d56324_6872-tarte-rustique-tapenade-d-olives-1536x1018.jpg 1536w, https:\/\/lesbiopaniersdemareil.org\/wp-content\/uploads\/2022\/07\/ob_d56324_6872-tarte-rustique-tapenade-d-olives.jpg 1541w\" sizes=\"(max-width: 767px) 89vw, (max-width: 1000px) 54vw, (max-width: 1071px) 543px, 580px\" \/><\/figure>\n\n\n\n<p><strong>Ingr\u00e9dients pour 1 tarte :<\/strong><\/p>\n<\/div><\/div>\n\n\n\n<div class=\"wp-block-group\"><div class=\"wp-block-group__inner-container\">\n<ul><li>4 tomates (avec des anciennes c\u2019est succulent, mais fonctionne aussi avec<br>des rondes ordinaires)<\/li><li><strong>P\u00e2te :<\/strong> 200g farine semi compl\u00e8te, 100g beurre, 40g eau, <\/li><li>herbes fra\u00eeches ou Provence en <\/li><li><strong>Tapenade : <\/strong>mixer 1 poign\u00e9es d\u2019olives d\u00e9noyaut\u00e9es avec 3 figues fra\u00eeches ou<br>2 s\u00e8ches, 1 belle gousse d\u2019ail et un filet d\u2019huile d\u2019olive<\/li><\/ul>\n<\/div><\/div>\n\n\n\n<p><strong>Pr\u00e9paration :<\/strong><\/p>\n\n\n\n<div class=\"wp-block-group\"><div class=\"wp-block-group__inner-container\">\n<ul><li>Pr\u00e9chauffer le four \u00e0 180\u00b0C. <\/li><li>Couper les tomates en rondelles.<\/li><li>Etaler la p\u00e2te sur un papier cuisson. <\/li><li>Etaler la tapenade \u00e0 3 cm du bord.<\/li><li>R\u00e9partir les tomates (\u00e0 3 cm du bord) en les faisant l\u00e9g\u00e8rement chevaucher. <\/li><li>Saler l\u00e9g\u00e8rement.<\/li><li>Rabattre la p\u00e2te vers l\u2019int\u00e9rieur et cuire tel quel 30mn environ.<\/li><\/ul>\n\n\n\n<p><\/p>\n<\/div><\/div>\n","protected":false},"excerpt":{"rendered":"<p>Pr\u00e9paration :<\/p>\n","protected":false},"author":25,"featured_media":0,"comment_status":"open","ping_status":"open","sticky":false,"template":"","format":"standard","meta":{"spay_email":"","jetpack_publicize_message":"","jetpack_is_tweetstorm":false,"jetpack_publicize_feature_enabled":true},"categories":[1],"tags":[],"jetpack_featured_media_url":"","jetpack_publicize_connections":[],"jetpack_sharing_enabled":true,"jetpack_shortlink":"https:\/\/wp.me\/pai4cU-uT","_links":{"self":[{"href":"https:\/\/lesbiopaniersdemareil.org\/index.php\/wp-json\/wp\/v2\/posts\/1915"}],"collection":[{"href":"https:\/\/lesbiopaniersdemareil.org\/index.php\/wp-json\/wp\/v2\/posts"}],"about":[{"href":"https:\/\/lesbiopaniersdemareil.org\/index.php\/wp-json\/wp\/v2\/types\/post"}],"author":[{"embeddable":true,"href":"https:\/\/lesbiopaniersdemareil.org\/index.php\/wp-json\/wp\/v2\/users\/25"}],"replies":[{"embeddable":true,"href":"https:\/\/lesbiopaniersdemareil.org\/index.php\/wp-json\/wp\/v2\/comments?post=1915"}],"version-history":[{"count":3,"href":"https:\/\/lesbiopaniersdemareil.org\/index.php\/wp-json\/wp\/v2\/posts\/1915\/revisions"}],"predecessor-version":[{"id":1919,"href":"https:\/\/lesbiopaniersdemareil.org\/index.php\/wp-json\/wp\/v2\/posts\/1915\/revisions\/1919"}],"wp:attachment":[{"href":"https:\/\/lesbiopaniersdemareil.org\/index.php\/wp-json\/wp\/v2\/media?parent=1915"}],"wp:term":[{"taxonomy":"category","embeddable":true,"href":"https:\/\/lesbiopaniersdemareil.org\/index.php\/wp-json\/wp\/v2\/categories?post=1915"},{"taxonomy":"post_tag","embeddable":true,"href":"https:\/\/lesbiopaniersdemareil.org\/index.php\/wp-json\/wp\/v2\/tags?post=1915"}],"curies":[{"name":"wp","href":"https:\/\/api.w.org\/{rel}","templated":true}]}}