{"id":1897,"date":"2022-07-06T14:31:49","date_gmt":"2022-07-06T12:31:49","guid":{"rendered":"http:\/\/lesbiopaniersdemareil.org\/?p=1897"},"modified":"2022-07-06T14:32:21","modified_gmt":"2022-07-06T12:32:21","slug":"distribution-de-ce-mercredi-6-juillet-2022","status":"publish","type":"post","link":"https:\/\/lesbiopaniersdemareil.org\/index.php\/2022\/07\/06\/distribution-de-ce-mercredi-6-juillet-2022\/","title":{"rendered":"Distribution de ce mercredi 6 juillet 2022"},"content":{"rendered":"\n<p>Ce mercredi il y a les paniers l\u00e9gumes, les fruits rouges, les champignons, les oeufs, le poulet, les ch\u00e8vres et laitage et le miel.<\/p>\n\n\n\n<p><strong>Le PETIT PANIER comprend :<\/strong><\/p>\n\n\n\n<div class=\"wp-block-group\"><div class=\"wp-block-group__inner-container\">\n<ul><li>1 salade<\/li><li>1 botte de radis ronds rouges<\/li><li>2 kg de courgettes<\/li><li>1 kg de pommes de terre nouvelles<\/li><li>1 sachet de betteraves cuites<\/li><\/ul>\n\n\n\n<p><strong>Le panier MOYEN comprend :<\/strong><\/p>\n\n\n\n<div class=\"wp-block-group\"><div class=\"wp-block-group__inner-container\">\n<ul><li>1 salade<\/li><li>1 botte de radis ronds rouges<\/li><li>1 chou rouge<\/li><li>600 gr d&#8217;haricots verts<\/li><li>700 gr de carottes nouvelles<\/li><li>2 kg de courgettes<\/li><li>1 botte de persil<\/li><\/ul>\n\n\n\n<p><strong>Le GRAND panier comprend :<\/strong><\/p>\n\n\n\n<div class=\"wp-block-group\"><div class=\"wp-block-group__inner-container\">\n<ul><li>1 salade<\/li><li>1 botte de radis ronds rouges<\/li><li>1 chou rouge<\/li><li>700 gr d&#8217;haricots verts<\/li><li>1 kg de tomates anciennes<\/li><li>700 gr de carottes nouvelles<\/li><li>2 kg de courgettes<\/li><li>1 botte de persil<\/li><\/ul>\n\n\n\n<p><\/p>\n<\/div><\/div>\n<\/div><\/div>\n<\/div><\/div>\n\n\n\n<p>Bonne distribution et bonne d\u00e9gustation<\/p>\n","protected":false},"excerpt":{"rendered":"<p>Ce mercredi il y a les paniers l\u00e9gumes, les fruits rouges, les champignons, les oeufs, le poulet, les ch\u00e8vres et laitage et le miel. Le PETIT PANIER comprend : Bonne distribution et bonne d\u00e9gustation<\/p>\n","protected":false},"author":25,"featured_media":0,"comment_status":"open","ping_status":"open","sticky":false,"template":"","format":"standard","meta":{"spay_email":"","jetpack_publicize_message":"","jetpack_is_tweetstorm":false,"jetpack_publicize_feature_enabled":true},"categories":[44],"tags":[],"jetpack_featured_media_url":"","jetpack_publicize_connections":[],"jetpack_sharing_enabled":true,"jetpack_shortlink":"https:\/\/wp.me\/pai4cU-uB","_links":{"self":[{"href":"https:\/\/lesbiopaniersdemareil.org\/index.php\/wp-json\/wp\/v2\/posts\/1897"}],"collection":[{"href":"https:\/\/lesbiopaniersdemareil.org\/index.php\/wp-json\/wp\/v2\/posts"}],"about":[{"href":"https:\/\/lesbiopaniersdemareil.org\/index.php\/wp-json\/wp\/v2\/types\/post"}],"author":[{"embeddable":true,"href":"https:\/\/lesbiopaniersdemareil.org\/index.php\/wp-json\/wp\/v2\/users\/25"}],"replies":[{"embeddable":true,"href":"https:\/\/lesbiopaniersdemareil.org\/index.php\/wp-json\/wp\/v2\/comments?post=1897"}],"version-history":[{"count":1,"href":"https:\/\/lesbiopaniersdemareil.org\/index.php\/wp-json\/wp\/v2\/posts\/1897\/revisions"}],"predecessor-version":[{"id":1898,"href":"https:\/\/lesbiopaniersdemareil.org\/index.php\/wp-json\/wp\/v2\/posts\/1897\/revisions\/1898"}],"wp:attachment":[{"href":"https:\/\/lesbiopaniersdemareil.org\/index.php\/wp-json\/wp\/v2\/media?parent=1897"}],"wp:term":[{"taxonomy":"category","embeddable":true,"href":"https:\/\/lesbiopaniersdemareil.org\/index.php\/wp-json\/wp\/v2\/categories?post=1897"},{"taxonomy":"post_tag","embeddable":true,"href":"https:\/\/lesbiopaniersdemareil.org\/index.php\/wp-json\/wp\/v2\/tags?post=1897"}],"curies":[{"name":"wp","href":"https:\/\/api.w.org\/{rel}","templated":true}]}}