{"id":1879,"date":"2022-05-10T22:16:46","date_gmt":"2022-05-10T20:16:46","guid":{"rendered":"http:\/\/lesbiopaniersdemareil.org\/?p=1879"},"modified":"2022-05-10T22:17:06","modified_gmt":"2022-05-10T20:17:06","slug":"apres-2-semaines-dinterruption-reprise-de-la-distribution-des-legumes-a-lamap-de-mareil-le-mercredi-11-mai","status":"publish","type":"post","link":"https:\/\/lesbiopaniersdemareil.org\/index.php\/2022\/05\/10\/apres-2-semaines-dinterruption-reprise-de-la-distribution-des-legumes-a-lamap-de-mareil-le-mercredi-11-mai\/","title":{"rendered":"Apr\u00e8s 2 semaines d&#8217;interruption, reprise de la distribution des l\u00e9gumes \u00e0 l&#8217;Amap de Mareil, le mercredi 11 mai."},"content":{"rendered":"\n<p>Ce mercredi 11 mai, il y a distribution des paniers l\u00e9gumes, des champignons, des oeufs, du poulet, des ch\u00e8vres et laitages, du boeuf et du porc.<\/p>\n\n\n\n<p><strong>Le PETIT panier de l\u00e9gumes comprend :<\/strong><\/p>\n\n\n\n<div class=\"wp-block-group\"><div class=\"wp-block-group__inner-container\">\n<ul><li>1 salade<\/li><li>1 botte de carottes nouvelles<\/li><li>1 botte d&#8217;ail frais<\/li><li>500 gr de pommes de terre nouvelles<\/li><li>700 gr de blettes<\/li><li>1 chou rave<\/li><\/ul>\n\n\n\n<p><strong>Le panier MOYEN de l\u00e9gumes comprend :<\/strong><\/p>\n\n\n\n<div class=\"wp-block-group\"><div class=\"wp-block-group__inner-container\">\n<ul><li>1 salade<\/li><li>1 botte de carottes nouvelles<\/li><li>1 botte d&#8217;ail frais<\/li><li>800 gr de pommes de terre nouvelles<\/li><li>1 chou pointu<\/li><li>800 gr de blettes<\/li><li>1 chou rave<\/li><\/ul>\n\n\n\n<p><strong>Le GRAND panier de l\u00e9gumes comprend :<\/strong><\/p>\n\n\n\n<div class=\"wp-block-group\"><div class=\"wp-block-group__inner-container\">\n<ul><li>1 salade<\/li><li>1 botte de carottes nouvelles<\/li><li>1 botte d&#8217;ail frais<\/li><li>800 gr de pommes de terre nouvelles<\/li><li>1 fenouil<\/li><li>1 kg de courgettes<\/li><li>1 botte de persil <\/li><li>700 gr de blettes<\/li><li>1 chou rave<\/li><\/ul>\n\n\n\n<p>Bonne distribution et d\u00e9gustation.<\/p>\n<\/div><\/div>\n\n\n\n<p><\/p>\n<\/div><\/div>\n<\/div><\/div>\n","protected":false},"excerpt":{"rendered":"<p>Ce mercredi 11 mai, il y a distribution des paniers l\u00e9gumes, des champignons, des oeufs, du poulet, des ch\u00e8vres et laitages, du boeuf et du porc. Le PETIT panier de l\u00e9gumes comprend :<\/p>\n","protected":false},"author":25,"featured_media":0,"comment_status":"open","ping_status":"open","sticky":false,"template":"","format":"standard","meta":{"spay_email":"","jetpack_publicize_message":"","jetpack_is_tweetstorm":false,"jetpack_publicize_feature_enabled":true},"categories":[44],"tags":[],"jetpack_featured_media_url":"","jetpack_publicize_connections":[],"jetpack_sharing_enabled":true,"jetpack_shortlink":"https:\/\/wp.me\/pai4cU-uj","_links":{"self":[{"href":"https:\/\/lesbiopaniersdemareil.org\/index.php\/wp-json\/wp\/v2\/posts\/1879"}],"collection":[{"href":"https:\/\/lesbiopaniersdemareil.org\/index.php\/wp-json\/wp\/v2\/posts"}],"about":[{"href":"https:\/\/lesbiopaniersdemareil.org\/index.php\/wp-json\/wp\/v2\/types\/post"}],"author":[{"embeddable":true,"href":"https:\/\/lesbiopaniersdemareil.org\/index.php\/wp-json\/wp\/v2\/users\/25"}],"replies":[{"embeddable":true,"href":"https:\/\/lesbiopaniersdemareil.org\/index.php\/wp-json\/wp\/v2\/comments?post=1879"}],"version-history":[{"count":1,"href":"https:\/\/lesbiopaniersdemareil.org\/index.php\/wp-json\/wp\/v2\/posts\/1879\/revisions"}],"predecessor-version":[{"id":1880,"href":"https:\/\/lesbiopaniersdemareil.org\/index.php\/wp-json\/wp\/v2\/posts\/1879\/revisions\/1880"}],"wp:attachment":[{"href":"https:\/\/lesbiopaniersdemareil.org\/index.php\/wp-json\/wp\/v2\/media?parent=1879"}],"wp:term":[{"taxonomy":"category","embeddable":true,"href":"https:\/\/lesbiopaniersdemareil.org\/index.php\/wp-json\/wp\/v2\/categories?post=1879"},{"taxonomy":"post_tag","embeddable":true,"href":"https:\/\/lesbiopaniersdemareil.org\/index.php\/wp-json\/wp\/v2\/tags?post=1879"}],"curies":[{"name":"wp","href":"https:\/\/api.w.org\/{rel}","templated":true}]}}