{"id":1855,"date":"2022-03-30T16:52:11","date_gmt":"2022-03-30T14:52:11","guid":{"rendered":"http:\/\/lesbiopaniersdemareil.org\/?p=1855"},"modified":"2022-03-30T16:52:11","modified_gmt":"2022-03-30T14:52:11","slug":"message-des-maraichers-de-terre-ferme","status":"publish","type":"post","link":"https:\/\/lesbiopaniersdemareil.org\/index.php\/2022\/03\/30\/message-des-maraichers-de-terre-ferme\/","title":{"rendered":"Message des maraichers de Terre Ferme"},"content":{"rendered":"\n<p>Nous vous envoyons un  petit mot car en ce moment, ce ne sont pas les plus beaux paniers de l&#8217;ann\u00e9e, nous en avons bien conscience. <\/p>\n\n\n\n<p>Vous verrez peut \u00eatre \u00e0 regret qu&#8217;il y a encore des blettes et des pommes de terre. De plus les paniers sont l\u00e9g\u00e8rement en dessous de la valeur annonc\u00e9e. Cela s&#8217;explique par la difficile jonction de la fin des stocks d&#8217;hiver et le d\u00e9but des primeurs. <\/p>\n\n\n\n<p>Tous les ans c&#8217;est la m\u00eame, mais cette fois ci, cela arrive un peu plus t\u00f4t que d&#8217;habitude ! Les stocks d&#8217;hiver \u00e9tant un peu moindres du fait d&#8217;une production difficile en 2020. <\/p>\n\n\n\n<p>La bonne nouvelle c&#8217;est que les cultures de primeurs sous serre se comportent tr\u00e8s bien. <\/p>\n\n\n\n<p>Nous avons commenc\u00e9 la semaine derni\u00e8re \u00e0 travailler en plein champ, sur une nouvelle parcelle tr\u00e8s sableuse et avec possibilit\u00e9 d&#8217;irrigation ce qui devrait nous assurer un printemps faste. <\/p>\n\n\n\n<p>A condition que la m\u00e9t\u00e9o soit cl\u00e9mente ce qui a \u00e9t\u00e9 le cas cette semaine. D&#8217;ici 15 jours, nous mettrons en place les cultures d&#8217;\u00e9t\u00e9. Nous y reviendrons dans la prochaine &#8220;news letter&#8221;.<\/p>\n\n\n\n<p>Du coup nous vous proposons \u00e0 nouveau 2 recettes de blettes et d&#8217;\u00e9pinards, histoire d&#8217;explorer les possibilit\u00e9s de ces l\u00e9gumes parfois boud\u00e9s.<br><\/p>\n\n\n\n<p>Les semaines \u00e0 venir seront certainement un peu difficile jusqu&#8217;\u00e0 la tr\u00eave mais avec une sortie progressive de l&#8217;orni\u00e8re.<\/p>\n\n\n\n<p>Bien \u00e9videment, sortis de cette p\u00e9riode nous survaloriserons les paniers de fa\u00e7on \u00e0 garantir un prix moyen fid\u00e8le au contrat voir au del\u00e0 ce que nous v\u00e9rifions chaque ann\u00e9e.<br><\/p>\n\n\n\n<p>La conclusion est :<br><\/p>\n\n\n\n<p>Merci&nbsp; pour votre compr\u00e9hension du fait&nbsp; que nous travaillons avec le vivant et la nature et que m\u00eame la plus grande des exp\u00e9riences professionnelles ne garantit aucune ma\u00eetrise&#8230;<\/p>\n\n\n\n<p>Merci pour votre confiance,&nbsp; et votre engagement \u00e0 nos c\u00f4t\u00e9s, nous ne le r\u00e9p\u00e9terons jamais assez !<br><\/p>\n\n\n\n<p>A bient\u00f4t<\/p>\n\n\n\n<p>Annick et Thibault<\/p>\n","protected":false},"excerpt":{"rendered":"<p>Nous vous envoyons un petit mot car en ce moment, ce ne sont pas les plus beaux paniers de l&#8217;ann\u00e9e, nous en avons bien conscience. Vous verrez peut \u00eatre \u00e0 regret qu&#8217;il y a encore des blettes et des pommes de terre. De plus les paniers sont l\u00e9g\u00e8rement en dessous de la valeur annonc\u00e9e. Cela &hellip; <\/p>\n<p class=\"link-more\"><a href=\"https:\/\/lesbiopaniersdemareil.org\/index.php\/2022\/03\/30\/message-des-maraichers-de-terre-ferme\/\" class=\"more-link\">Continue reading<span class=\"screen-reader-text\"> &#8220;Message des maraichers de Terre Ferme&#8221;<\/span><\/a><\/p>\n","protected":false},"author":25,"featured_media":0,"comment_status":"open","ping_status":"open","sticky":false,"template":"","format":"standard","meta":{"spay_email":"","jetpack_publicize_message":"","jetpack_is_tweetstorm":false,"jetpack_publicize_feature_enabled":true},"categories":[1],"tags":[],"jetpack_featured_media_url":"","jetpack_publicize_connections":[],"jetpack_sharing_enabled":true,"jetpack_shortlink":"https:\/\/wp.me\/pai4cU-tV","_links":{"self":[{"href":"https:\/\/lesbiopaniersdemareil.org\/index.php\/wp-json\/wp\/v2\/posts\/1855"}],"collection":[{"href":"https:\/\/lesbiopaniersdemareil.org\/index.php\/wp-json\/wp\/v2\/posts"}],"about":[{"href":"https:\/\/lesbiopaniersdemareil.org\/index.php\/wp-json\/wp\/v2\/types\/post"}],"author":[{"embeddable":true,"href":"https:\/\/lesbiopaniersdemareil.org\/index.php\/wp-json\/wp\/v2\/users\/25"}],"replies":[{"embeddable":true,"href":"https:\/\/lesbiopaniersdemareil.org\/index.php\/wp-json\/wp\/v2\/comments?post=1855"}],"version-history":[{"count":1,"href":"https:\/\/lesbiopaniersdemareil.org\/index.php\/wp-json\/wp\/v2\/posts\/1855\/revisions"}],"predecessor-version":[{"id":1856,"href":"https:\/\/lesbiopaniersdemareil.org\/index.php\/wp-json\/wp\/v2\/posts\/1855\/revisions\/1856"}],"wp:attachment":[{"href":"https:\/\/lesbiopaniersdemareil.org\/index.php\/wp-json\/wp\/v2\/media?parent=1855"}],"wp:term":[{"taxonomy":"category","embeddable":true,"href":"https:\/\/lesbiopaniersdemareil.org\/index.php\/wp-json\/wp\/v2\/categories?post=1855"},{"taxonomy":"post_tag","embeddable":true,"href":"https:\/\/lesbiopaniersdemareil.org\/index.php\/wp-json\/wp\/v2\/tags?post=1855"}],"curies":[{"name":"wp","href":"https:\/\/api.w.org\/{rel}","templated":true}]}}