{"id":1848,"date":"2022-03-30T16:28:05","date_gmt":"2022-03-30T14:28:05","guid":{"rendered":"http:\/\/lesbiopaniersdemareil.org\/?p=1848"},"modified":"2022-03-30T16:28:05","modified_gmt":"2022-03-30T14:28:05","slug":"distribution-de-ce-mercredi-30-mars-2022","status":"publish","type":"post","link":"https:\/\/lesbiopaniersdemareil.org\/index.php\/2022\/03\/30\/distribution-de-ce-mercredi-30-mars-2022\/","title":{"rendered":"Distribution de ce mercredi 30 mars 2022"},"content":{"rendered":"\n<p>Ce mercredi il y aura livraison des paniers de l\u00e9gumes, les champignons, les oeufs et les ch\u00e8vres.<\/p>\n\n\n\n<p><strong>Le PETIT panier comprend :<\/strong><\/p>\n\n\n\n<div class=\"wp-block-group\"><div class=\"wp-block-group__inner-container\">\n<ul><li>600 gr d&#8217;\u00e9pinards<\/li><li>1 salade batavia<\/li><li>1 botte d&#8217;ail frais<\/li><li>1  botte de navets<\/li><li>500 gr de poireaux<\/li><li>500 gr de carottes<\/li><li>1 c\u00e9leri rave<\/li><\/ul>\n\n\n\n<p><strong>Le panier MOYEN comprend :<\/strong><\/p>\n\n\n\n<div class=\"wp-block-group\"><div class=\"wp-block-group__inner-container\">\n<ul><li>800 gr d&#8217;\u00e9pinards<\/li><li>1 salade batavia<\/li><li>1 botte d&#8217;ail frais<\/li><li>1  botte de navets<\/li><li>500 gr de poireaux<\/li><li>800 gr de carottes<\/li><li>1 c\u00e9leri rave<\/li><li>1 sachet de betteraves cuites<\/li><\/ul>\n\n\n\n<p><strong>Le GRAND panier comprend :<\/strong><\/p>\n\n\n\n<div class=\"wp-block-group\"><div class=\"wp-block-group__inner-container\">\n<ul><li>800 gr d&#8217;\u00e9pinards<\/li><li>1 botte de radis<\/li><li>1 salade batavia<\/li><li>1 botte d&#8217;oignons<\/li><li>1  botte de navets<\/li><li>500 gr de poireaux<\/li><li>800 gr de carottes<\/li><li>1 kg de pommes de terre tendres<\/li><li>1 c\u00e9leri rave<\/li><li>1 sachet de betteraves cuites<\/li><\/ul>\n\n\n\n<p>Bonne distribution et d\u00e9gustation<\/p>\n\n\n\n<p>Eric, r\u00e9f\u00e9rent des producteurs l\u00e9gumes<\/p>\n<\/div><\/div>\n<\/div><\/div>\n<\/div><\/div>\n\n\n\n<p><\/p>\n","protected":false},"excerpt":{"rendered":"<p>Ce mercredi il y aura livraison des paniers de l\u00e9gumes, les champignons, les oeufs et les ch\u00e8vres. Le PETIT panier comprend :<\/p>\n","protected":false},"author":25,"featured_media":0,"comment_status":"open","ping_status":"open","sticky":false,"template":"","format":"standard","meta":{"spay_email":"","jetpack_publicize_message":"","jetpack_is_tweetstorm":false,"jetpack_publicize_feature_enabled":true},"categories":[1],"tags":[],"jetpack_featured_media_url":"","jetpack_publicize_connections":[],"jetpack_sharing_enabled":true,"jetpack_shortlink":"https:\/\/wp.me\/pai4cU-tO","_links":{"self":[{"href":"https:\/\/lesbiopaniersdemareil.org\/index.php\/wp-json\/wp\/v2\/posts\/1848"}],"collection":[{"href":"https:\/\/lesbiopaniersdemareil.org\/index.php\/wp-json\/wp\/v2\/posts"}],"about":[{"href":"https:\/\/lesbiopaniersdemareil.org\/index.php\/wp-json\/wp\/v2\/types\/post"}],"author":[{"embeddable":true,"href":"https:\/\/lesbiopaniersdemareil.org\/index.php\/wp-json\/wp\/v2\/users\/25"}],"replies":[{"embeddable":true,"href":"https:\/\/lesbiopaniersdemareil.org\/index.php\/wp-json\/wp\/v2\/comments?post=1848"}],"version-history":[{"count":1,"href":"https:\/\/lesbiopaniersdemareil.org\/index.php\/wp-json\/wp\/v2\/posts\/1848\/revisions"}],"predecessor-version":[{"id":1849,"href":"https:\/\/lesbiopaniersdemareil.org\/index.php\/wp-json\/wp\/v2\/posts\/1848\/revisions\/1849"}],"wp:attachment":[{"href":"https:\/\/lesbiopaniersdemareil.org\/index.php\/wp-json\/wp\/v2\/media?parent=1848"}],"wp:term":[{"taxonomy":"category","embeddable":true,"href":"https:\/\/lesbiopaniersdemareil.org\/index.php\/wp-json\/wp\/v2\/categories?post=1848"},{"taxonomy":"post_tag","embeddable":true,"href":"https:\/\/lesbiopaniersdemareil.org\/index.php\/wp-json\/wp\/v2\/tags?post=1848"}],"curies":[{"name":"wp","href":"https:\/\/api.w.org\/{rel}","templated":true}]}}