{"id":1787,"date":"2022-01-03T14:36:05","date_gmt":"2022-01-03T13:36:05","guid":{"rendered":"http:\/\/lesbiopaniersdemareil.org\/?p=1787"},"modified":"2022-01-03T14:36:22","modified_gmt":"2022-01-03T13:36:22","slug":"reprise-des-distributions-de-lamap-le-mercredi-5-janvier","status":"publish","type":"post","link":"https:\/\/lesbiopaniersdemareil.org\/index.php\/2022\/01\/03\/reprise-des-distributions-de-lamap-le-mercredi-5-janvier\/","title":{"rendered":"Reprise des distributions de l&#8217;Amap le mercredi 5 janvier"},"content":{"rendered":"\n<p>Apr\u00e8s l&#8217;interruption des vacances de No\u00ebl, les distributions reprennent chaque mercredi aux Bois Noirs, \u00e0 Mareil Marly, de 18h15 \u00e0 20h.<\/p>\n","protected":false},"excerpt":{"rendered":"<p>Apr\u00e8s l&#8217;interruption des vacances de No\u00ebl, les distributions reprennent chaque mercredi aux Bois Noirs, \u00e0 Mareil Marly, de 18h15 \u00e0 20h.<\/p>\n","protected":false},"author":25,"featured_media":0,"comment_status":"open","ping_status":"open","sticky":false,"template":"","format":"standard","meta":{"spay_email":"","jetpack_publicize_message":"","jetpack_is_tweetstorm":false,"jetpack_publicize_feature_enabled":true},"categories":[44],"tags":[],"jetpack_featured_media_url":"","jetpack_publicize_connections":[],"jetpack_sharing_enabled":true,"jetpack_shortlink":"https:\/\/wp.me\/pai4cU-sP","_links":{"self":[{"href":"https:\/\/lesbiopaniersdemareil.org\/index.php\/wp-json\/wp\/v2\/posts\/1787"}],"collection":[{"href":"https:\/\/lesbiopaniersdemareil.org\/index.php\/wp-json\/wp\/v2\/posts"}],"about":[{"href":"https:\/\/lesbiopaniersdemareil.org\/index.php\/wp-json\/wp\/v2\/types\/post"}],"author":[{"embeddable":true,"href":"https:\/\/lesbiopaniersdemareil.org\/index.php\/wp-json\/wp\/v2\/users\/25"}],"replies":[{"embeddable":true,"href":"https:\/\/lesbiopaniersdemareil.org\/index.php\/wp-json\/wp\/v2\/comments?post=1787"}],"version-history":[{"count":1,"href":"https:\/\/lesbiopaniersdemareil.org\/index.php\/wp-json\/wp\/v2\/posts\/1787\/revisions"}],"predecessor-version":[{"id":1788,"href":"https:\/\/lesbiopaniersdemareil.org\/index.php\/wp-json\/wp\/v2\/posts\/1787\/revisions\/1788"}],"wp:attachment":[{"href":"https:\/\/lesbiopaniersdemareil.org\/index.php\/wp-json\/wp\/v2\/media?parent=1787"}],"wp:term":[{"taxonomy":"category","embeddable":true,"href":"https:\/\/lesbiopaniersdemareil.org\/index.php\/wp-json\/wp\/v2\/categories?post=1787"},{"taxonomy":"post_tag","embeddable":true,"href":"https:\/\/lesbiopaniersdemareil.org\/index.php\/wp-json\/wp\/v2\/tags?post=1787"}],"curies":[{"name":"wp","href":"https:\/\/api.w.org\/{rel}","templated":true}]}}