{"id":1784,"date":"2022-01-03T14:33:42","date_gmt":"2022-01-03T13:33:42","guid":{"rendered":"http:\/\/lesbiopaniersdemareil.org\/?p=1784"},"modified":"2022-01-03T14:36:52","modified_gmt":"2022-01-03T13:36:52","slug":"nos-meilleurs-voeux-a-tous-pour-2022","status":"publish","type":"post","link":"https:\/\/lesbiopaniersdemareil.org\/index.php\/2022\/01\/03\/nos-meilleurs-voeux-a-tous-pour-2022\/","title":{"rendered":"Nos meilleurs voeux \u00e0 tous pour 2022"},"content":{"rendered":"\n<p>Les f\u00eates viennent de se terminer. Nous esp\u00e9rons qu&#8217;elles se sont bien pass\u00e9es pour vous et que vous avec pu profiter pleinement de votre familles et vos amis.<\/p>\n\n\n\n<p>Que cette nouvelle ann\u00e9e soit sous le signe du partage, du respect de tous et de la nature.<\/p>\n\n\n\n<figure class=\"wp-block-image size-large\"><img loading=\"lazy\" width=\"1024\" height=\"637\" src=\"http:\/\/lesbiopaniersdemareil.org\/wp-content\/uploads\/2022\/01\/2008-12-23_Paris_-090_encad1_v2-1024x637.jpg\" alt=\"\" class=\"wp-image-1785\" srcset=\"https:\/\/lesbiopaniersdemareil.org\/wp-content\/uploads\/2022\/01\/2008-12-23_Paris_-090_encad1_v2-1024x637.jpg 1024w, https:\/\/lesbiopaniersdemareil.org\/wp-content\/uploads\/2022\/01\/2008-12-23_Paris_-090_encad1_v2-300x187.jpg 300w, https:\/\/lesbiopaniersdemareil.org\/wp-content\/uploads\/2022\/01\/2008-12-23_Paris_-090_encad1_v2-768x478.jpg 768w, https:\/\/lesbiopaniersdemareil.org\/wp-content\/uploads\/2022\/01\/2008-12-23_Paris_-090_encad1_v2-1536x955.jpg 1536w, https:\/\/lesbiopaniersdemareil.org\/wp-content\/uploads\/2022\/01\/2008-12-23_Paris_-090_encad1_v2-2048x1273.jpg 2048w\" sizes=\"(max-width: 767px) 89vw, (max-width: 1000px) 54vw, (max-width: 1071px) 543px, 580px\" \/><\/figure>\n","protected":false},"excerpt":{"rendered":"<p>Les f\u00eates viennent de se terminer. Nous esp\u00e9rons qu&#8217;elles se sont bien pass\u00e9es pour vous et que vous avec pu profiter pleinement de votre familles et vos amis. Que cette nouvelle ann\u00e9e soit sous le signe du partage, du respect de tous et de la nature.<\/p>\n","protected":false},"author":25,"featured_media":0,"comment_status":"open","ping_status":"open","sticky":false,"template":"","format":"standard","meta":{"spay_email":"","jetpack_publicize_message":"","jetpack_is_tweetstorm":false,"jetpack_publicize_feature_enabled":true},"categories":[36,1],"tags":[],"jetpack_featured_media_url":"","jetpack_publicize_connections":[],"jetpack_sharing_enabled":true,"jetpack_shortlink":"https:\/\/wp.me\/pai4cU-sM","_links":{"self":[{"href":"https:\/\/lesbiopaniersdemareil.org\/index.php\/wp-json\/wp\/v2\/posts\/1784"}],"collection":[{"href":"https:\/\/lesbiopaniersdemareil.org\/index.php\/wp-json\/wp\/v2\/posts"}],"about":[{"href":"https:\/\/lesbiopaniersdemareil.org\/index.php\/wp-json\/wp\/v2\/types\/post"}],"author":[{"embeddable":true,"href":"https:\/\/lesbiopaniersdemareil.org\/index.php\/wp-json\/wp\/v2\/users\/25"}],"replies":[{"embeddable":true,"href":"https:\/\/lesbiopaniersdemareil.org\/index.php\/wp-json\/wp\/v2\/comments?post=1784"}],"version-history":[{"count":1,"href":"https:\/\/lesbiopaniersdemareil.org\/index.php\/wp-json\/wp\/v2\/posts\/1784\/revisions"}],"predecessor-version":[{"id":1786,"href":"https:\/\/lesbiopaniersdemareil.org\/index.php\/wp-json\/wp\/v2\/posts\/1784\/revisions\/1786"}],"wp:attachment":[{"href":"https:\/\/lesbiopaniersdemareil.org\/index.php\/wp-json\/wp\/v2\/media?parent=1784"}],"wp:term":[{"taxonomy":"category","embeddable":true,"href":"https:\/\/lesbiopaniersdemareil.org\/index.php\/wp-json\/wp\/v2\/categories?post=1784"},{"taxonomy":"post_tag","embeddable":true,"href":"https:\/\/lesbiopaniersdemareil.org\/index.php\/wp-json\/wp\/v2\/tags?post=1784"}],"curies":[{"name":"wp","href":"https:\/\/api.w.org\/{rel}","templated":true}]}}