{"id":1770,"date":"2021-12-15T00:03:56","date_gmt":"2021-12-14T23:03:56","guid":{"rendered":"http:\/\/lesbiopaniersdemareil.org\/?p=1770"},"modified":"2021-12-15T00:45:38","modified_gmt":"2021-12-14T23:45:38","slug":"distribution-du-mercredi-15-decembre-2021","status":"publish","type":"post","link":"https:\/\/lesbiopaniersdemareil.org\/index.php\/2021\/12\/15\/distribution-du-mercredi-15-decembre-2021\/","title":{"rendered":"Distribution du mercredi 15 d\u00e9cembre 2021"},"content":{"rendered":"\n<p>Ce mercredi il y a livraison des paniers de l\u00e9gumes, des sacs de pommes de terre et des agrumes.<\/p>\n\n\n\n<p><strong>Le PETIT panier de l\u00e9gumes comprend :<\/strong><\/p>\n\n\n\n<div class=\"wp-block-group\"><div class=\"wp-block-group__inner-container\">\n<ul><li>1 kg de pommes de terre tendres Agria<\/li><li>1 courge Verdaline<\/li><li>600 gr de patates douces<\/li><li>500 gr de poireaux<\/li><li>500 gr de carottes couleurs<\/li><li>500 gr de betteraves couleurs<\/li><li>250 gr d&#8217;\u00e9chalottes<\/li><li>1 C\u00e9leri rave<\/li><\/ul>\n<\/div><\/div>\n\n\n\n<p><strong>Le panier MOYEN de l\u00e9gumes comprend :<\/strong><\/p>\n\n\n\n<div class=\"wp-block-group\"><div class=\"wp-block-group__inner-container\">\n<ul><li>1 kg de pommes de terre tendres Agria<\/li><li>1 courge Verdaline<\/li><li>800 gr de patates douces<\/li><li>500 gr de poireaux<\/li><li>1 kg de carottes couleurs<\/li><li>500 gr de betteraves couleurs<\/li><li>500 gr d&#8217;\u00e9chalottes<\/li><li>1 C\u00e9leri rave<\/li><\/ul>\n\n\n\n<p><strong>Le GRAND panier de l\u00e9gumes comprend :<\/strong><\/p>\n\n\n\n<div class=\"wp-block-group\"><div class=\"wp-block-group__inner-container\">\n<ul><li>1 kg de pommes de terre tendres Agria<\/li><li>1 scarole<\/li><li>1 courge Verdaline<\/li><li>800 gr de patates douces<\/li><li>500 gr de poireaux<\/li><li>1 kg de carottes couleurs<\/li><li>500 gr de betteraves couleurs<\/li><li>500 gr d&#8217;\u00e9chalottes<\/li><li>1 chou fleur<\/li><li>1 C\u00e9leri rave<\/li><\/ul>\n\n\n\n<p>Bonne distribution<\/p>\n<\/div><\/div>\n<\/div><\/div>\n","protected":false},"excerpt":{"rendered":"<p>Ce mercredi il y a livraison des paniers de l\u00e9gumes, des sacs de pommes de terre et des agrumes. Le PETIT panier de l\u00e9gumes comprend : Le panier MOYEN de l\u00e9gumes comprend :<\/p>\n","protected":false},"author":25,"featured_media":0,"comment_status":"open","ping_status":"open","sticky":false,"template":"","format":"standard","meta":{"spay_email":"","jetpack_publicize_message":"","jetpack_is_tweetstorm":false,"jetpack_publicize_feature_enabled":true},"categories":[44],"tags":[],"jetpack_featured_media_url":"","jetpack_publicize_connections":[],"jetpack_sharing_enabled":true,"jetpack_shortlink":"https:\/\/wp.me\/pai4cU-sy","_links":{"self":[{"href":"https:\/\/lesbiopaniersdemareil.org\/index.php\/wp-json\/wp\/v2\/posts\/1770"}],"collection":[{"href":"https:\/\/lesbiopaniersdemareil.org\/index.php\/wp-json\/wp\/v2\/posts"}],"about":[{"href":"https:\/\/lesbiopaniersdemareil.org\/index.php\/wp-json\/wp\/v2\/types\/post"}],"author":[{"embeddable":true,"href":"https:\/\/lesbiopaniersdemareil.org\/index.php\/wp-json\/wp\/v2\/users\/25"}],"replies":[{"embeddable":true,"href":"https:\/\/lesbiopaniersdemareil.org\/index.php\/wp-json\/wp\/v2\/comments?post=1770"}],"version-history":[{"count":2,"href":"https:\/\/lesbiopaniersdemareil.org\/index.php\/wp-json\/wp\/v2\/posts\/1770\/revisions"}],"predecessor-version":[{"id":1782,"href":"https:\/\/lesbiopaniersdemareil.org\/index.php\/wp-json\/wp\/v2\/posts\/1770\/revisions\/1782"}],"wp:attachment":[{"href":"https:\/\/lesbiopaniersdemareil.org\/index.php\/wp-json\/wp\/v2\/media?parent=1770"}],"wp:term":[{"taxonomy":"category","embeddable":true,"href":"https:\/\/lesbiopaniersdemareil.org\/index.php\/wp-json\/wp\/v2\/categories?post=1770"},{"taxonomy":"post_tag","embeddable":true,"href":"https:\/\/lesbiopaniersdemareil.org\/index.php\/wp-json\/wp\/v2\/tags?post=1770"}],"curies":[{"name":"wp","href":"https:\/\/api.w.org\/{rel}","templated":true}]}}