{"id":1764,"date":"2021-12-02T11:49:07","date_gmt":"2021-12-02T10:49:07","guid":{"rendered":"http:\/\/lesbiopaniersdemareil.org\/?p=1764"},"modified":"2021-12-02T11:49:23","modified_gmt":"2021-12-02T10:49:23","slug":"recette-de-pommes-de-terre-et-camembert-roti-au-four","status":"publish","type":"post","link":"https:\/\/lesbiopaniersdemareil.org\/index.php\/2021\/12\/02\/recette-de-pommes-de-terre-et-camembert-roti-au-four\/","title":{"rendered":"Recette de pommes de terre et camembert r\u00f4ti au four"},"content":{"rendered":"\n<p><em>Le seul imp\u00e9ratif d&#8217;utiliser un camembert au lait cru, sinon le go\u00fbt et la texture ne<\/em> <em>seront pas au rendez-vous.<\/em><\/p>\n\n\n\n<p><em>Compter 1 camembert pour 2 personnes.<\/em><\/p>\n\n\n\n<p><strong>Ingr\u00e9dients :<\/strong><\/p>\n\n\n\n<div class=\"wp-block-group\"><div class=\"wp-block-group__inner-container\">\n<ul><li>2\/3 pommes de terre\/personne<\/li><li>1 camembert\/2 personnes<\/li><li>1 cs de miel liquide<\/li><li>1 filet d\u2019huile d\u2019olive<\/li><li>Thym<\/li><li>1 filet d&#8217;huile d&#8217;olive<\/li><li>Romarin<\/li><li>Quelques noix<\/li><\/ul>\n\n\n\n<p><strong>Pr\u00e9paration :<\/strong><\/p>\n\n\n\n<ul><li>Pr\u00e9chauffer le four \u00e0 200\u00b0C.<\/li><li>Retirer le camembert de son emballage papier. D\u00e9couper 1 carr\u00e9 dans du papier cuisson (un peu plus grand que les emballages d&#8217;origine dans lesquels ils \u00e9taient emball\u00e9s), d\u00e9poser le camembert dessus et le remettre dans sa boite en bois.<\/li><li>Retirer une partie de la cro\u00fbte au centre du camembert. Saupoudrer de thym et de romarin puis verser quelques traits d&#8217;huile d&#8217;olive. Verser 1 cuill\u00e8re \u00e0 caf\u00e9 de miel.<\/li><li>Rabattre le papier cuisson. <\/li><li>D\u00e9poser sur une plaque de cuisson et enfourner 20 mn.<\/li><li>Servir parsem\u00e9 de cerneaux de noix avec 2 ou 3 pommes de terre\/ personne (ou autres l\u00e9gumes).<\/li><\/ul>\n\n\n\n<p><strong>Variante<\/strong> <\/p>\n\n\n\n<p>La m\u00eame recette avec : <\/p>\n\n\n\n<ul><li>1 camembert<\/li><li>1 gousse d\u2019ail<\/li><li>Persil frais cisel\u00e9<\/li><li>1\/4 de verre de vin blanc<\/li><li>quelques noix<\/li><\/ul>\n\n\n\n<p>Bon app\u00e9tit.<\/p>\n<\/div><\/div>\n","protected":false},"excerpt":{"rendered":"<p>Le seul imp\u00e9ratif d&#8217;utiliser un camembert au lait cru, sinon le go\u00fbt et la texture ne seront pas au rendez-vous. Compter 1 camembert pour 2 personnes. Ingr\u00e9dients :<\/p>\n","protected":false},"author":25,"featured_media":0,"comment_status":"open","ping_status":"open","sticky":false,"template":"","format":"standard","meta":{"spay_email":"","jetpack_publicize_message":"","jetpack_is_tweetstorm":false,"jetpack_publicize_feature_enabled":true},"categories":[4],"tags":[],"jetpack_featured_media_url":"","jetpack_publicize_connections":[],"jetpack_sharing_enabled":true,"jetpack_shortlink":"https:\/\/wp.me\/pai4cU-ss","_links":{"self":[{"href":"https:\/\/lesbiopaniersdemareil.org\/index.php\/wp-json\/wp\/v2\/posts\/1764"}],"collection":[{"href":"https:\/\/lesbiopaniersdemareil.org\/index.php\/wp-json\/wp\/v2\/posts"}],"about":[{"href":"https:\/\/lesbiopaniersdemareil.org\/index.php\/wp-json\/wp\/v2\/types\/post"}],"author":[{"embeddable":true,"href":"https:\/\/lesbiopaniersdemareil.org\/index.php\/wp-json\/wp\/v2\/users\/25"}],"replies":[{"embeddable":true,"href":"https:\/\/lesbiopaniersdemareil.org\/index.php\/wp-json\/wp\/v2\/comments?post=1764"}],"version-history":[{"count":1,"href":"https:\/\/lesbiopaniersdemareil.org\/index.php\/wp-json\/wp\/v2\/posts\/1764\/revisions"}],"predecessor-version":[{"id":1765,"href":"https:\/\/lesbiopaniersdemareil.org\/index.php\/wp-json\/wp\/v2\/posts\/1764\/revisions\/1765"}],"wp:attachment":[{"href":"https:\/\/lesbiopaniersdemareil.org\/index.php\/wp-json\/wp\/v2\/media?parent=1764"}],"wp:term":[{"taxonomy":"category","embeddable":true,"href":"https:\/\/lesbiopaniersdemareil.org\/index.php\/wp-json\/wp\/v2\/categories?post=1764"},{"taxonomy":"post_tag","embeddable":true,"href":"https:\/\/lesbiopaniersdemareil.org\/index.php\/wp-json\/wp\/v2\/tags?post=1764"}],"curies":[{"name":"wp","href":"https:\/\/api.w.org\/{rel}","templated":true}]}}