{"id":1578,"date":"2021-04-07T08:59:31","date_gmt":"2021-04-07T06:59:31","guid":{"rendered":"http:\/\/lesbiopaniersdemareil.org\/?p=1578"},"modified":"2021-04-07T09:00:06","modified_gmt":"2021-04-07T07:00:06","slug":"distribution-de-ce-mercredi-7-avril-2021","status":"publish","type":"post","link":"https:\/\/lesbiopaniersdemareil.org\/index.php\/2021\/04\/07\/distribution-de-ce-mercredi-7-avril-2021\/","title":{"rendered":"Distribution de ce mercredi 7 avril 2021"},"content":{"rendered":"\n<p>Ce mercredi l&#8217;Amap livre uniquement les paniers l\u00e9gumes et le pain.<\/p>\n\n\n\n<p>Distribution, toujours de 17h \u00e0 18h30 \u00e0 la salle des Bois Noirs (pr\u00e8s de Truffaut Fourqueux).<\/p>\n\n\n\n<p><strong>Le petit panier comprend :<\/strong><\/p>\n\n\n\n<div class=\"wp-block-group\"><div class=\"wp-block-group__inner-container\">\n<ul><li>1 salade<\/li><li>1 chou pointu<\/li><li>1 chou fleur<\/li><li>1 botte d&#8217;ail frais<\/li><li>1 botte de navets nouveaux<\/li><\/ul>\n\n\n\n<p><strong>Le panier moyen comprend :<\/strong><\/p>\n\n\n\n<div class=\"wp-block-group\"><div class=\"wp-block-group__inner-container\">\n<ul><li>1 salade<\/li><li>1 chou pointu<\/li><li>800 gr de blettes<\/li><li>1 chou fleur<\/li><li>1 botte d&#8217;ail frais<\/li><li>1 botte de navets nouveaux<\/li><li>1 kg de pommes de terre<\/li><\/ul>\n\n\n\n<p>Bonne distribution \u00e0 tous et bon petits plats bio<\/p>\n\n\n\n<p>Les Biopaniers de Mareil<\/p>\n<\/div><\/div>\n<\/div><\/div>\n","protected":false},"excerpt":{"rendered":"<p>Ce mercredi l&#8217;Amap livre uniquement les paniers l\u00e9gumes et le pain. Distribution, toujours de 17h \u00e0 18h30 \u00e0 la salle des Bois Noirs (pr\u00e8s de Truffaut Fourqueux). Le petit panier comprend :<\/p>\n","protected":false},"author":25,"featured_media":0,"comment_status":"open","ping_status":"open","sticky":false,"template":"","format":"standard","meta":{"spay_email":"","jetpack_publicize_message":"","jetpack_is_tweetstorm":false,"jetpack_publicize_feature_enabled":true},"categories":[44],"tags":[],"jetpack_featured_media_url":"","jetpack_publicize_connections":[],"jetpack_sharing_enabled":true,"jetpack_shortlink":"https:\/\/wp.me\/pai4cU-ps","_links":{"self":[{"href":"https:\/\/lesbiopaniersdemareil.org\/index.php\/wp-json\/wp\/v2\/posts\/1578"}],"collection":[{"href":"https:\/\/lesbiopaniersdemareil.org\/index.php\/wp-json\/wp\/v2\/posts"}],"about":[{"href":"https:\/\/lesbiopaniersdemareil.org\/index.php\/wp-json\/wp\/v2\/types\/post"}],"author":[{"embeddable":true,"href":"https:\/\/lesbiopaniersdemareil.org\/index.php\/wp-json\/wp\/v2\/users\/25"}],"replies":[{"embeddable":true,"href":"https:\/\/lesbiopaniersdemareil.org\/index.php\/wp-json\/wp\/v2\/comments?post=1578"}],"version-history":[{"count":1,"href":"https:\/\/lesbiopaniersdemareil.org\/index.php\/wp-json\/wp\/v2\/posts\/1578\/revisions"}],"predecessor-version":[{"id":1579,"href":"https:\/\/lesbiopaniersdemareil.org\/index.php\/wp-json\/wp\/v2\/posts\/1578\/revisions\/1579"}],"wp:attachment":[{"href":"https:\/\/lesbiopaniersdemareil.org\/index.php\/wp-json\/wp\/v2\/media?parent=1578"}],"wp:term":[{"taxonomy":"category","embeddable":true,"href":"https:\/\/lesbiopaniersdemareil.org\/index.php\/wp-json\/wp\/v2\/categories?post=1578"},{"taxonomy":"post_tag","embeddable":true,"href":"https:\/\/lesbiopaniersdemareil.org\/index.php\/wp-json\/wp\/v2\/tags?post=1578"}],"curies":[{"name":"wp","href":"https:\/\/api.w.org\/{rel}","templated":true}]}}