{"id":1566,"date":"2021-03-31T16:23:51","date_gmt":"2021-03-31T14:23:51","guid":{"rendered":"http:\/\/lesbiopaniersdemareil.org\/?p=1566"},"modified":"2021-03-31T17:08:32","modified_gmt":"2021-03-31T15:08:32","slug":"distribution-de-ce-mercredi-31-mars-2021","status":"publish","type":"post","link":"https:\/\/lesbiopaniersdemareil.org\/index.php\/2021\/03\/31\/distribution-de-ce-mercredi-31-mars-2021\/","title":{"rendered":"Distribution de ce mercredi 31 mars 2021"},"content":{"rendered":"\n<p>Ce mercredi seront livr\u00e9s les paniers l\u00e9gumes, le pain, les champignons, les oeufs et les ch\u00e8vres.<\/p>\n\n\n\n<p><strong>Le petit panier sera constitu\u00e9 de :<\/strong><\/p>\n\n\n\n<div class=\"wp-block-group\"><div class=\"wp-block-group__inner-container\">\n<ul><li>1 salade feuille de ch\u00eane<\/li><li>600 gr d&#8217;\u00e9pinards<\/li><li>1 botte d&#8217;oignons blancs<\/li><li>500 gr de carottes<\/li><li>500 gr de poireaux<\/li><\/ul>\n\n\n\n<p><strong>Le panier moyen sera constitu\u00e9 de :<\/strong><\/p>\n\n\n\n<div class=\"wp-block-group\"><div class=\"wp-block-group__inner-container\">\n<ul><li>1 salade feuille de ch\u00eane<\/li><li>800 gr d&#8217;\u00e9pinards<\/li><li>1 botte d&#8217;oignons blancs<\/li><li>500 gr de carottes<\/li><li>500 gr de poireaux<\/li><li>500 gr de betteraves crues<\/li><li>1 kg de pommes de terre tendres<\/li><\/ul>\n\n\n\n<p>Bonne distribution et bonne d\u00e9gustation.<\/p>\n\n\n\n<p>Eric Delaneau<\/p>\n\n\n\n<p>R\u00e9f\u00e9rent des producteurs de l\u00e9gumes<\/p>\n\n\n\n<p><\/p>\n<\/div><\/div>\n<\/div><\/div>\n","protected":false},"excerpt":{"rendered":"<p>Ce mercredi seront livr\u00e9s les paniers l\u00e9gumes, le pain, les champignons, les oeufs et les ch\u00e8vres. Le petit panier sera constitu\u00e9 de :<\/p>\n","protected":false},"author":25,"featured_media":0,"comment_status":"open","ping_status":"open","sticky":false,"template":"","format":"standard","meta":{"spay_email":"","jetpack_publicize_message":"","jetpack_is_tweetstorm":false,"jetpack_publicize_feature_enabled":true},"categories":[44],"tags":[],"jetpack_featured_media_url":"","jetpack_publicize_connections":[],"jetpack_sharing_enabled":true,"jetpack_shortlink":"https:\/\/wp.me\/pai4cU-pg","_links":{"self":[{"href":"https:\/\/lesbiopaniersdemareil.org\/index.php\/wp-json\/wp\/v2\/posts\/1566"}],"collection":[{"href":"https:\/\/lesbiopaniersdemareil.org\/index.php\/wp-json\/wp\/v2\/posts"}],"about":[{"href":"https:\/\/lesbiopaniersdemareil.org\/index.php\/wp-json\/wp\/v2\/types\/post"}],"author":[{"embeddable":true,"href":"https:\/\/lesbiopaniersdemareil.org\/index.php\/wp-json\/wp\/v2\/users\/25"}],"replies":[{"embeddable":true,"href":"https:\/\/lesbiopaniersdemareil.org\/index.php\/wp-json\/wp\/v2\/comments?post=1566"}],"version-history":[{"count":4,"href":"https:\/\/lesbiopaniersdemareil.org\/index.php\/wp-json\/wp\/v2\/posts\/1566\/revisions"}],"predecessor-version":[{"id":1577,"href":"https:\/\/lesbiopaniersdemareil.org\/index.php\/wp-json\/wp\/v2\/posts\/1566\/revisions\/1577"}],"wp:attachment":[{"href":"https:\/\/lesbiopaniersdemareil.org\/index.php\/wp-json\/wp\/v2\/media?parent=1566"}],"wp:term":[{"taxonomy":"category","embeddable":true,"href":"https:\/\/lesbiopaniersdemareil.org\/index.php\/wp-json\/wp\/v2\/categories?post=1566"},{"taxonomy":"post_tag","embeddable":true,"href":"https:\/\/lesbiopaniersdemareil.org\/index.php\/wp-json\/wp\/v2\/tags?post=1566"}],"curies":[{"name":"wp","href":"https:\/\/api.w.org\/{rel}","templated":true}]}}